{"id":118,"date":"2008-01-26T19:44:25","date_gmt":"2008-01-26T18:44:25","guid":{"rendered":"http:\/\/www.fondazioneinternazionale.org\/?p=118"},"modified":"2008-01-26T19:44:25","modified_gmt":"2008-01-26T18:44:25","slug":"rodolfo-ambrosino","status":"publish","type":"post","link":"https:\/\/fondazioneinternazionale.org\/it\/rodolfo-ambrosino\/","title":{"rendered":"Rodolfo Ambrosino"},"content":{"rendered":"<p>[et_pb_section admin_label=&#8221;section&#8221;][et_pb_row admin_label=&#8221;row&#8221;][et_pb_column type=&#8221;4_4&#8243;][et_pb_text admin_label=&#8221;Testo&#8221; background_layout=&#8221;light&#8221; text_orientation=&#8221;justified&#8221; use_border_color=&#8221;off&#8221; border_color=&#8221;#ffffff&#8221; border_style=&#8221;solid&#8221;]<\/p>\n<p>Nella notte dei fuochi di San Giovanni dell&#8217;estate di cinquanta anni fa improvvisamente spirava Rodolfo Ambrosino, il Rettore dell&#8217;Universit\u00e0 degli Studi di Trieste.<\/p>\n<p>Orfano di padre ufficiale della marina militare, Rodolfo Ambrosino aveva seguito gli studi all&#8217;Universit\u00e0 di Roma presso la quale percorreva la carriera accademica fino diventare cattedratico di Istituzioni di Diritto romano prima alla &#8220;Sapienza&#8221; e poi a Trieste.<\/p>\n<p>Dal filosofo del diritto Rettore Cammarata difensore della libert\u00e0 accademica, egli aveva ricevuto un&#8217;alta eredit\u00e0 morale. Alla sua Universit\u00e0 Ambrosino aveva dedicato per sei anni ogni pensiero ed ogni sforzo, portandola ad un livello di prestigio internazionale. I suoi colleghi lo definirono &#8220;martire della scienza e della cultura&#8221;.<\/p>\n<p>Con il ritorno dell&#8217;amministrazione italiana a Trieste, l&#8217;Universit\u00e0 di Trieste sotto la guida del rettore Ambrosino dispiega la sua originaria funzione culturale quale la nuova posizione geopolitica della citt\u00e0 evidentemente sollecitava. Nel 1953 Ambrosino afferma che &#8220;l&#8217;Universit\u00e0 di Trieste nell&#8217;ora presente, e per ogni tempo in questa citt\u00e0 , intende assumersi una missione che \u00e8 connaturata con il suo modo di essere quella di elevarsi e di elevare sopra il particolare, per riguardare l&#8217;universale, cio\u00e8 i principi ed i fini ultimi e additarli alla conoscenza di singoli e popoli&#8221;.<\/p>\n<p>L&#8217;obiettivo primario dell&#8217;Universit\u00e0 diventa quello di sviluppare la qualit\u00e0 dell&#8217;insegnamento, della ricerca, della gestione, combinando efficacia ed efficienza quali stimoli necessari al miglioramento interno per il perseguimento delle proprie specifiche funzioni. Da allora le iniziative di studio e di ricerca si moltiplicano in forme anche extra istituzionali in una lungimirante visione culturale di un futuro da conquistare in un mondo di pace.<\/p>\n<p>Numerose iniziative di quegli anni assumono particolare importanza per valore culturale e risonanza in Italia e all&#8217;estero.<\/p>\n<p>Come \u00e8 stato di recente ricordato al Civico Museo Revoltella, la mostra &#8220;1953: l&#8217;Italia era gi\u00e0 qui-Pittura italiana contemporanea a Trieste&#8221; mostra allestita nell&#8217;Aula Magna dell&#8217;universit\u00e0 segna l&#8217;inizio di una attivit\u00e0 promozionale di alto livello che non conosce soste, con la partecipazione di tutta Trieste della cultura, del mondo ufficiale, degli interessi commerciali ed industriali.<\/p>\n<p>Da allora l&#8217;Universit\u00e0 di Trieste sembra non conoscere confini politici ideologici e sogna il suo immediato futuro.<\/p>\n<p>Allo scopo di offrire ai propri studenti sempre maggiori occasioni di studio, di conoscenza, d&#8217;informazione, di esperienza, durante gli anni di corso,l&#8217;Universit\u00e0 organizza per i mesi estivi viaggi d&#8217;istruzione per visitare monumenti e opere pi\u00f9 notevoli che possono aiutare a penetrare e a comprendere lo spirito della civilt\u00e0- della storia.<\/p>\n<p>Centinaia di docenti e studenti dell&#8217;Universit\u00e0 partecipano ai viaggi a Roma, in Toscana, in Grecia, in Francia, che spesso sono illustrati e commentati dalla stampa locale e nazionale.<\/p>\n<p>Sul Lago di Garda a Gargnano, nella villa gi\u00e0 sede del Governo di Mussolini al tempo della Repubblica Sociale, messa a disposizione dell&#8217;Universit\u00e0 di Trieste dalla triestina Feltrinelli Doria e ristrutturata per intervento di Magris il Prefetto di Brescia, l&#8217;Universit\u00e0 di Trieste organizza e svolge per gli studenti di tutte le Facolt\u00e0 corsi di cultura umanistica e scientifica, cui partecipano eminenti studiosi e scienziati di chiara fama. Detti corsi estivi, ma riservati a stranieri saranno poi continuati dall&#8217;Universit\u00e0 di Milano.<\/p>\n<p>Creata come scuola diretta a fini speciali dal Rettore Ambrosino, in collaborazione con il prof. Pierpaolo Luzzatto Fegiz e l&#8217;Ing Diego Guicciardi, presidente della societ\u00e0 petrolifera dell&#8217; &#8220;Aquila&#8221; di Trieste, nasce la &#8220;Scuola per traduttori ed interpreti di conferenze&#8221;.<\/p>\n<p>Nel 1978 la Scuola diventa facolt\u00e0 universitaria.<\/p>\n<p>Dal Senato accademico Ambrosino fa adottare nuovi criteri di valutazione del merito scientifico dei docenti dell&#8217;Universit\u00e0 di Trieste in seguito assunti anche in altri Atenei italiani.<\/p>\n<p>Nell&#8217;intento di ridare a Trieste l&#8217;orgoglio della propria ricchezza intellettuale e dignit\u00e0 civica l&#8217;Universit\u00e0 sostiene la pubblicazione di opere di umanesimo scientifico di docenti e di personalit\u00e0 della cultura locale, d&#8217;intesa con i Principi Raimondo della Torre Tasso ed Eugenia di Grecia, e dell&#8217;amica Aurelia Gruber Benco, del bibliotecario Stelio Crise, promuove iniziative di alto valore culturale, che meriterebbero oggi di essere ricordate anche per la memoria storica della vita cittadina di quegli anni.<\/p>\n<p>Nel contempo Ambrosino non trascura di coltivare la ricerca scientifica accademica ed avvia una stretta collaborazione personale con gli omologhi colleghi delle Universit\u00e0 di Roma e di Napoli che alla sua scomparsa pubblicando i risultati degli studi insieme compiuti ne onoreranno la memoria.<\/p>\n<p>Nel 1953 con la collaborazione del collega Remo Pannain, promuove il primo Congresso di Diritto penale con grande partecipazione della magistratura e del mondo forense italiano, cui la stampa nazionale dedica largo spazio ai dibattiti ed alla cronaca dei lavori.<\/p>\n<p>Segue in ottobre il Convegno nazionale dei Rettori delle Universit\u00e0 Italiane. Nasce in quegli anni la Scuola di perfezionamento e di specializzazione in Diritto del lavoro diretta dal collega Renato Balzarini, alla quale tra gli altri partecipano attivamente Riccardo Camber, padre del senatore, e Cecilia Assanti, eletta poi nel CSM, organo supremo dell&#8217;Ordine giudiziario.<\/p>\n<p>Con riti solenni rimasti incisi nella memoria storica della citt\u00e0 nel 1952 e nel 1955 il Rettore Ambrosino conferisce la laurea ad honorem a cinquantacinque studenti Caduti nel periodo bellico 1940-1945 proclamandoli eroi e martiri assertori di verit\u00e0.<\/p>\n<p>Memorabile la partecipazione dell&#8217;Universit\u00e0 all&#8217;onoranza resa alle vittime delle giornate del 5 novembre 1953 con il corteo funebre attraverso le vie della citt\u00e0 con alla testa il rappresentante del Governo italiano l&#8217;On. Achille Marazza, accompagnato dal Rettore Ambrosino, dalle Autorit\u00e0 Locali e dalle organizzazioni studentesche e dei laureati.<\/p>\n<p>In quegli anni Ambrosino favorisce l&#8217;istituzione dei circoli degli studenti estendendone in regione le sedi periferiche a Monfalcone, Gorizia, Udine, Pordenone, seminando cos\u00ec la rete di base all&#8217;attivit\u00e0 di studio e l&#8217;avvio della fase assistenziale dell&#8217;Opera universitaria che allora faceva parte della amministrazione dell&#8217; Universit\u00e0.<\/p>\n<p>Con Carlo Gruber presidente dell&#8217;Associazione dei Laureati (ALUT) Ambrosino converge nel riallacciare vincoli di amicizia che legano i vecchi studenti e vecchi maestri per trasmetterli ai giovani da avviare alle attivit\u00e0 dell&#8217;economia del paese.<\/p>\n<p>Intensa a riservata ai pi\u00f9 alti livelli il ruolo dell&#8217;Universit\u00e0 che il Rettore Ambrosino svolge nella preparazione e nel passaggio dell&#8217;Amministrazione Alleata della Zona di Trieste all&#8217;Italia, azione simbolicamente conclusa nell&#8217;aula magna dell&#8217;Ateneo con la solenne cerimonia del conferimento della laurea h.c. al Presidente della Repubblica Luigi Einaudi.<\/p>\n<p>Ambrosino guardava ad un futuro di relazioni pacifiche basate sul riconoscimento reciproco che deriva dall&#8217;interpretazione delle differenze come risorse che arricchiscono. In tale lungimirante prospettiva tradusse la visione e la funzione dell&#8217;Universit\u00e0 promuovendo le prime conferenze europee del dopoguerra per fornire alle autorit\u00e0 locali, nazionali ed internazionali competenti indicazioni atte allo sviluppo culturale, nonch\u00e9 effettuare studi e ricerche per raccogliere diffondere informazioni scientifiche valide sui problemi dei rapporti tra stati, nazioni e gruppi etnici.<\/p>\n<p>Nel settembre del 1955 si svolge all&#8217;Universit\u00e0 il primo congresso degli universitari d&#8217;Europa. Centoventi e pi\u00f9 professori di sedici nazioni , una decina di lingue diverse, si riuniscono per promuovere un patrimonio supernazionale con richiamo all&#8217;Europa. L&#8217;allocuzione inaugurale dei lavori del Congresso \u00e8 tenuta dal Ministro della Pubblica Istruzione Paolo Rossi. L&#8217;assise \u00e8 presieduta da Vincenzo Arangio Ruiz, presidente dell&#8217;Accademia Nazionale dei Lincei. Il Rettore Ambrosino espone la storia dell&#8217;Ateneo triestino come esempio della permanente esigenza umana di superare le barriere del provincialismo e la consapevolezza di una pi\u00f9 vasta riunificazione del sapere come meta ideale. Rapporti introduttivi sono presentati dal prof. M.Fogarty dell&#8217;Universit\u00e0 di Cardift e A. Dempf de la Sarre, e sull&#8217;insegnamento europeo nelle universit\u00e0 dal prof. Michaud dell&#8217;Universit\u00e0 di Saarbruck; per il Consiglio d&#8217;Europa partecipa ai lavori Van Remoortel. Dopo una settimana di intensi dibattiti il Congresso si chiude con l&#8217;atto di nascita della &#8220;Associazione degli universitari europei&#8221; con Arangio Ruiz presidente Michel Mouskhely di Strasburgo segretario e con sede a Basilea. La proposta dello statuto accoglie le istanze del Rettore Cappello di Dakar e Butozan di Sarajevo sulla compartecipazione degli studenti all&#8217;organizzazione europea quale forma di rinnovamento del metodo culturale superiore.<\/p>\n<p>Nel momento in cui l&#8217;Europa va acquistando coscienza dell&#8217;esigenza unitaria in fatto di economia come nel dominio della politica, all&#8217;Universit\u00e0 rinasce l&#8217;unit\u00e0 di pensiero che \u00e8 stata propria della vita intellettuale per tanti e tanti secoli.<\/p>\n<p>All&#8217;Universit\u00e0 di Trieste viene organizzato poi anche il corso internazionale dei trasporti successivamente riconosciuto dallo Stato come Istituto per lo sviluppo dei trasporti nella integrazione economica europea, e dalla Regione Friuli Venezia Giulia quale organo di supporto tecnico giuridico e scientifico per incrementare lo sviluppo degli studi relativi ai trasporti con particolare riguardo alle iniziative promozionali atte a favorire la divulgazione e l&#8217;approfondimento delle conoscenze nel campo dei trasporti in relazione altres\u00ec al ruolo della regione stessa nel contesto nazionale e internazionale.<\/p>\n<p>E successivamente, sempre con il generoso contributo di liberale ospitalit\u00e0 del principe Raimondo della Torre Tasso, all&#8217;Universit\u00e0 di Trieste nasce anche l&#8217;Organizzazione mondiale &#8220;Federazione Internazionale degli Istituti di Ricerca del mondo&#8221; (IFIAS) , con sede a Stoccolma, che riunisce cinquemila docenti delle maggiori universit\u00e0 dell&#8217;Oriente e dell&#8217;Occidente nell&#8217;intesa che l&#8217;alta conoscenza della umanit\u00e0 e delle scienze concorre a saldare la pace nel mondo.<\/p>\n<p>In questo spirito di pace il Rettore Ambrosino, assertore della necessit\u00e0 di fondere tra loro le due culture, umanistica e scientifica , rivolge ai fisici sperimentali l&#8217;invito a promuovere iniziative nel campo della ricerca della fisica delle particelle. Ambrosino pensa che la creazione a Trieste di un polo internazionale attrattivo dal punto di vista accademico poteva rappresentare una via d&#8217;uscita dall&#8217;isolamento in cui si trovava la citt\u00e0 al limite della cosiddetta Cortina di Ferro.<\/p>\n<p>Sar\u00e0 poi il giovane fisico teorico Paolo Budinich ad impegnarsi a creare dal nulla l&#8217;Istituto di fisica e la sezione dell&#8217;istituto Nazionale di Fisica nucleare (INFN) e con il giovane fisico pakistano Abdus Salam, a vincere la gara internazionale per la candidatura di Trieste a sede del Centro Internazionale di Fisica Teorica delle Nazioni Unite.<\/p>\n<p>Rinnovare il ricordo di Rodolfo Ambrosino e la sua attivit\u00e0 di responsabile accademico, di tessitore politico della storia italiana di Trieste \u00e8 dovere civile da assolvere verso i giovani.<\/p>\n<p>Il nostro paese ha spesso una memoria corta ed \u00e8 proprio per questo che non bisogna dare per scontato quanto ha il sapore di gi\u00e0 conquistato, perch\u00e9 l&#8217;oblio \u00e8 sempre in agguato e nei percorsi lunghi e faticosi, il rischio di perdere qualcosa durante il cammino \u00e8 altissimo.<\/p>\n<p>[\/et_pb_text][\/et_pb_column][\/et_pb_row][\/et_pb_section]<\/p>\n","protected":false},"excerpt":{"rendered":"<p>Nella notte dei fuochi di San Giovanni dell&#8217;estate di cinquanta anni fa improvvisamente spirava Rodolfo Ambrosino, il Rettore dell&#8217;Universit\u00e0 degli Studi di Trieste. Orfano di padre ufficiale della marina militare, Rodolfo Ambrosino aveva seguito gli studi all&#8217;Universit\u00e0 di Roma presso la quale percorreva la carriera accademica fino diventare cattedratico di Istituzioni di Diritto romano prima [&hellip;]<\/p>\n","protected":false},"author":1,"featured_media":0,"comment_status":"closed","ping_status":"closed","sticky":false,"template":"","format":"standard","meta":{"_et_pb_use_builder":"on","_et_pb_old_content":"","_et_gb_content_width":"","footnotes":""},"categories":[8],"tags":[],"class_list":["post-118","post","type-post","status-publish","format-standard","hentry","category-ad-momoriam"],"_links":{"self":[{"href":"https:\/\/fondazioneinternazionale.org\/it\/wp-json\/wp\/v2\/posts\/118","targetHints":{"allow":["GET"]}}],"collection":[{"href":"https:\/\/fondazioneinternazionale.org\/it\/wp-json\/wp\/v2\/posts"}],"about":[{"href":"https:\/\/fondazioneinternazionale.org\/it\/wp-json\/wp\/v2\/types\/post"}],"author":[{"embeddable":true,"href":"https:\/\/fondazioneinternazionale.org\/it\/wp-json\/wp\/v2\/users\/1"}],"replies":[{"embeddable":true,"href":"https:\/\/fondazioneinternazionale.org\/it\/wp-json\/wp\/v2\/comments?post=118"}],"version-history":[{"count":0,"href":"https:\/\/fondazioneinternazionale.org\/it\/wp-json\/wp\/v2\/posts\/118\/revisions"}],"wp:attachment":[{"href":"https:\/\/fondazioneinternazionale.org\/it\/wp-json\/wp\/v2\/media?parent=118"}],"wp:term":[{"taxonomy":"category","embeddable":true,"href":"https:\/\/fondazioneinternazionale.org\/it\/wp-json\/wp\/v2\/categories?post=118"},{"taxonomy":"post_tag","embeddable":true,"href":"https:\/\/fondazioneinternazionale.org\/it\/wp-json\/wp\/v2\/tags?post=118"}],"curies":[{"name":"wp","href":"https:\/\/api.w.org\/{rel}","templated":true}]}}