{"id":1808,"date":"2017-09-12T22:37:29","date_gmt":"2017-09-12T20:37:29","guid":{"rendered":"http:\/\/www.fondazioneinternazionale.org\/?p=1808"},"modified":"2017-09-12T22:37:29","modified_gmt":"2017-09-12T20:37:29","slug":"esof-2020-serracchiani-risorse-giungano-da-governo-e-privati-5","status":"publish","type":"post","link":"https:\/\/fondazioneinternazionale.org\/it\/esof-2020-serracchiani-risorse-giungano-da-governo-e-privati-5\/","title":{"rendered":"Esof 2020: Serracchiani, risorse giungano da Governo e privati"},"content":{"rendered":"<p><em>Regione.fvg.it<\/em><\/p>\n<p>&#8220;Quello verso l&#8217;EuroScience Open Forum 2020 (Esof) &#8211; ha detto Serracchiani &#8211; \u00e8 un percorso articolato che richiede disponibilit\u00e0 economiche adeguate a rispondere prontamente all&#8217;appello lanciato dal mondo scientifico. In particolare c&#8217;\u00e8 gi\u00e0 la disponibilit\u00e0 del ministro dell&#8217;Istruzione, Valeria Fedeli, a partecipare a novembre all&#8217;evento che segner\u00e0 le prime tappe di questo cammino&#8221;<\/p>\n<p><a href=\"http:\/\/www.regione.fvg.it\/rafvg\/comunicati\/comunicato.act?dir=\/rafvg\/cms\/RAFVG\/notiziedallagiunta\/&amp;nm=20170912140633002\">Leggi l\u2019articolo<\/a><\/p>\n","protected":false},"excerpt":{"rendered":"<p>Regione.fvg.it &#8220;Quello verso l&#8217;EuroScience Open Forum 2020 (Esof) &#8211; ha detto Serracchiani &#8211; \u00e8 un percorso articolato che richiede disponibilit\u00e0 economiche adeguate a rispondere prontamente all&#8217;appello lanciato dal mondo scientifico. In particolare c&#8217;\u00e8 gi\u00e0 la disponibilit\u00e0 del ministro dell&#8217;Istruzione, Valeria Fedeli, a partecipare a novembre all&#8217;evento che segner\u00e0 le prime tappe di questo cammino&#8221; Leggi [&hellip;]<\/p>\n","protected":false},"author":1,"featured_media":0,"comment_status":"closed","ping_status":"closed","sticky":false,"template":"","format":"standard","meta":{"_et_pb_use_builder":"","_et_pb_old_content":"","_et_gb_content_width":"","footnotes":""},"categories":[15],"tags":[],"class_list":["post-1808","post","type-post","status-publish","format-standard","hentry","category-rassegna-stampa-esof"],"_links":{"self":[{"href":"https:\/\/fondazioneinternazionale.org\/it\/wp-json\/wp\/v2\/posts\/1808","targetHints":{"allow":["GET"]}}],"collection":[{"href":"https:\/\/fondazioneinternazionale.org\/it\/wp-json\/wp\/v2\/posts"}],"about":[{"href":"https:\/\/fondazioneinternazionale.org\/it\/wp-json\/wp\/v2\/types\/post"}],"author":[{"embeddable":true,"href":"https:\/\/fondazioneinternazionale.org\/it\/wp-json\/wp\/v2\/users\/1"}],"replies":[{"embeddable":true,"href":"https:\/\/fondazioneinternazionale.org\/it\/wp-json\/wp\/v2\/comments?post=1808"}],"version-history":[{"count":0,"href":"https:\/\/fondazioneinternazionale.org\/it\/wp-json\/wp\/v2\/posts\/1808\/revisions"}],"wp:attachment":[{"href":"https:\/\/fondazioneinternazionale.org\/it\/wp-json\/wp\/v2\/media?parent=1808"}],"wp:term":[{"taxonomy":"category","embeddable":true,"href":"https:\/\/fondazioneinternazionale.org\/it\/wp-json\/wp\/v2\/categories?post=1808"},{"taxonomy":"post_tag","embeddable":true,"href":"https:\/\/fondazioneinternazionale.org\/it\/wp-json\/wp\/v2\/tags?post=1808"}],"curies":[{"name":"wp","href":"https:\/\/api.w.org\/{rel}","templated":true}]}}