{"id":1893,"date":"2017-10-09T16:54:50","date_gmt":"2017-10-09T14:54:50","guid":{"rendered":"http:\/\/www.fondazioneinternazionale.org\/?p=1893"},"modified":"2017-10-09T16:54:50","modified_gmt":"2017-10-09T14:54:50","slug":"1893","status":"publish","type":"post","link":"https:\/\/fondazioneinternazionale.org\/it\/1893\/","title":{"rendered":"Science and the city"},"content":{"rendered":"<p><strong>Le Frecce<\/strong><\/p>\n<p>Trieste ospiter\u00e0 nel 2020 una manifestazione europea con i pi\u00f9 grandi scienziati del mondo. Il cuore dell&#8217;evento sar\u00e0 il Porto Vecchio.<\/p>\n<p><a href=\"https:\/\/issuu.com\/edizionilafreccia\/docs\/la_freccia_-_ottobre_2017\" target=\"_blank\" rel=\"noopener\">Leggi il numero di ottobre<\/a><\/p>\n<div id=\"ritekit-alerts-success\"><\/div>\n<div id=\"ritekit-alerts-success\"><\/div>\n<div id=\"ritekit-alerts-success\"><\/div>\n","protected":false},"excerpt":{"rendered":"<p>Le Frecce Trieste ospiter\u00e0 nel 2020 una manifestazione europea con i pi\u00f9 grandi scienziati del mondo. Il cuore dell&#8217;evento sar\u00e0 il Porto Vecchio. Leggi il numero di ottobre<\/p>\n","protected":false},"author":1,"featured_media":0,"comment_status":"closed","ping_status":"closed","sticky":false,"template":"","format":"standard","meta":{"_et_pb_use_builder":"","_et_pb_old_content":"","_et_gb_content_width":"","footnotes":""},"categories":[15],"tags":[],"class_list":["post-1893","post","type-post","status-publish","format-standard","hentry","category-rassegna-stampa-esof"],"_links":{"self":[{"href":"https:\/\/fondazioneinternazionale.org\/it\/wp-json\/wp\/v2\/posts\/1893","targetHints":{"allow":["GET"]}}],"collection":[{"href":"https:\/\/fondazioneinternazionale.org\/it\/wp-json\/wp\/v2\/posts"}],"about":[{"href":"https:\/\/fondazioneinternazionale.org\/it\/wp-json\/wp\/v2\/types\/post"}],"author":[{"embeddable":true,"href":"https:\/\/fondazioneinternazionale.org\/it\/wp-json\/wp\/v2\/users\/1"}],"replies":[{"embeddable":true,"href":"https:\/\/fondazioneinternazionale.org\/it\/wp-json\/wp\/v2\/comments?post=1893"}],"version-history":[{"count":0,"href":"https:\/\/fondazioneinternazionale.org\/it\/wp-json\/wp\/v2\/posts\/1893\/revisions"}],"wp:attachment":[{"href":"https:\/\/fondazioneinternazionale.org\/it\/wp-json\/wp\/v2\/media?parent=1893"}],"wp:term":[{"taxonomy":"category","embeddable":true,"href":"https:\/\/fondazioneinternazionale.org\/it\/wp-json\/wp\/v2\/categories?post=1893"},{"taxonomy":"post_tag","embeddable":true,"href":"https:\/\/fondazioneinternazionale.org\/it\/wp-json\/wp\/v2\/tags?post=1893"}],"curies":[{"name":"wp","href":"https:\/\/api.w.org\/{rel}","templated":true}]}}