{"id":2003,"date":"2017-11-21T13:05:59","date_gmt":"2017-11-21T12:05:59","guid":{"rendered":"https:\/\/www.fondazioneinternazionale.org\/?p=2003"},"modified":"2017-11-21T13:05:59","modified_gmt":"2017-11-21T12:05:59","slug":"prima-riunione-operativa-per-esof2020","status":"publish","type":"post","link":"https:\/\/fondazioneinternazionale.org\/it\/prima-riunione-operativa-per-esof2020\/","title":{"rendered":"Prima riunione operativa per ESOF2020"},"content":{"rendered":"<p><em>TgR\u00a0RAI FVG<\/em><\/p>\n<p>Al via i lavori per organizzare ESOF 2020. Si pensa anche all&#8217;eredit\u00e0 che ESOF lascer\u00e0 alla citt\u00e0.<\/p>\n<p><a href=\"http:\/\/www.rai.tv\/dl\/RaiTV\/programmi\/media\/ContentItem-6a095b6e-6a99-4413-8eaf-42e806ed0b60.html\" target=\"_blank\" rel=\"noopener\"><strong>Guarda il video<\/strong><\/a><\/p>\n","protected":false},"excerpt":{"rendered":"<p>TgR\u00a0RAI FVG Al via i lavori per organizzare ESOF 2020. Si pensa anche all&#8217;eredit\u00e0 che ESOF lascer\u00e0 alla citt\u00e0. Guarda il video<\/p>\n","protected":false},"author":1,"featured_media":0,"comment_status":"closed","ping_status":"closed","sticky":false,"template":"","format":"standard","meta":{"_et_pb_use_builder":"","_et_pb_old_content":"","_et_gb_content_width":"","footnotes":""},"categories":[15],"tags":[],"class_list":["post-2003","post","type-post","status-publish","format-standard","hentry","category-rassegna-stampa-esof"],"_links":{"self":[{"href":"https:\/\/fondazioneinternazionale.org\/it\/wp-json\/wp\/v2\/posts\/2003","targetHints":{"allow":["GET"]}}],"collection":[{"href":"https:\/\/fondazioneinternazionale.org\/it\/wp-json\/wp\/v2\/posts"}],"about":[{"href":"https:\/\/fondazioneinternazionale.org\/it\/wp-json\/wp\/v2\/types\/post"}],"author":[{"embeddable":true,"href":"https:\/\/fondazioneinternazionale.org\/it\/wp-json\/wp\/v2\/users\/1"}],"replies":[{"embeddable":true,"href":"https:\/\/fondazioneinternazionale.org\/it\/wp-json\/wp\/v2\/comments?post=2003"}],"version-history":[{"count":0,"href":"https:\/\/fondazioneinternazionale.org\/it\/wp-json\/wp\/v2\/posts\/2003\/revisions"}],"wp:attachment":[{"href":"https:\/\/fondazioneinternazionale.org\/it\/wp-json\/wp\/v2\/media?parent=2003"}],"wp:term":[{"taxonomy":"category","embeddable":true,"href":"https:\/\/fondazioneinternazionale.org\/it\/wp-json\/wp\/v2\/categories?post=2003"},{"taxonomy":"post_tag","embeddable":true,"href":"https:\/\/fondazioneinternazionale.org\/it\/wp-json\/wp\/v2\/tags?post=2003"}],"curies":[{"name":"wp","href":"https:\/\/api.w.org\/{rel}","templated":true}]}}