{"id":2024,"date":"2017-11-29T09:12:57","date_gmt":"2017-11-29T08:12:57","guid":{"rendered":"https:\/\/www.fondazioneinternazionale.org\/?p=2024"},"modified":"2017-11-29T09:12:57","modified_gmt":"2017-11-29T08:12:57","slug":"euroscience-open-forum-2020-trieste-capitale-della-scienza-la-presentazione-al-miur","status":"publish","type":"post","link":"https:\/\/fondazioneinternazionale.org\/it\/euroscience-open-forum-2020-trieste-capitale-della-scienza-la-presentazione-al-miur\/","title":{"rendered":"Euroscience Open Forum 2020, Trieste capitale della scienza. La presentazione al MIUR"},"content":{"rendered":"<p><strong>Startup Italia\u00a0<\/strong><\/p>\n<p>Presentato al MIUR ESOF2020.\u00a0 Nel 2020 Trieste sar\u00e0 la capitale europea della scienza. Questo \u00e8 frutto di un percorso reso possibile dal dialogo tra Enti, Universit\u00e0 e Istituzioni<\/p>\n<p><a href=\"http:\/\/startupitalia.eu\/81953-20171129-euroscience-open-forum-2020-trieste-capitale-della-scienza-la-presentazione-al-miur\" target=\"_blank\" rel=\"noopener\"><em>Leggi l&#8217;articolo<\/em><\/a><\/p>\n","protected":false},"excerpt":{"rendered":"<p>Startup Italia\u00a0 Presentato al MIUR ESOF2020.\u00a0 Nel 2020 Trieste sar\u00e0 la capitale europea della scienza. Questo \u00e8 frutto di un percorso reso possibile dal dialogo tra Enti, Universit\u00e0 e Istituzioni Leggi l&#8217;articolo<\/p>\n","protected":false},"author":1,"featured_media":0,"comment_status":"closed","ping_status":"closed","sticky":false,"template":"","format":"standard","meta":{"_et_pb_use_builder":"","_et_pb_old_content":"","_et_gb_content_width":"","footnotes":""},"categories":[15],"tags":[],"class_list":["post-2024","post","type-post","status-publish","format-standard","hentry","category-rassegna-stampa-esof"],"_links":{"self":[{"href":"https:\/\/fondazioneinternazionale.org\/it\/wp-json\/wp\/v2\/posts\/2024","targetHints":{"allow":["GET"]}}],"collection":[{"href":"https:\/\/fondazioneinternazionale.org\/it\/wp-json\/wp\/v2\/posts"}],"about":[{"href":"https:\/\/fondazioneinternazionale.org\/it\/wp-json\/wp\/v2\/types\/post"}],"author":[{"embeddable":true,"href":"https:\/\/fondazioneinternazionale.org\/it\/wp-json\/wp\/v2\/users\/1"}],"replies":[{"embeddable":true,"href":"https:\/\/fondazioneinternazionale.org\/it\/wp-json\/wp\/v2\/comments?post=2024"}],"version-history":[{"count":0,"href":"https:\/\/fondazioneinternazionale.org\/it\/wp-json\/wp\/v2\/posts\/2024\/revisions"}],"wp:attachment":[{"href":"https:\/\/fondazioneinternazionale.org\/it\/wp-json\/wp\/v2\/media?parent=2024"}],"wp:term":[{"taxonomy":"category","embeddable":true,"href":"https:\/\/fondazioneinternazionale.org\/it\/wp-json\/wp\/v2\/categories?post=2024"},{"taxonomy":"post_tag","embeddable":true,"href":"https:\/\/fondazioneinternazionale.org\/it\/wp-json\/wp\/v2\/tags?post=2024"}],"curies":[{"name":"wp","href":"https:\/\/api.w.org\/{rel}","templated":true}]}}