{"id":2087,"date":"2018-01-16T16:15:01","date_gmt":"2018-01-16T15:15:01","guid":{"rendered":"https:\/\/www.fondazioneinternazionale.org\/?p=2087"},"modified":"2018-01-16T16:15:01","modified_gmt":"2018-01-16T15:15:01","slug":"la-scienza-raddoppia-ogni-martedi-due-pagine","status":"publish","type":"post","link":"https:\/\/fondazioneinternazionale.org\/it\/la-scienza-raddoppia-ogni-martedi-due-pagine\/","title":{"rendered":"La scienza raddoppia: ogni marted\u00ec due pagine"},"content":{"rendered":"<p><strong>Il Piccolo<\/strong><\/p>\n<p>Dopo l&#8217;investitura di Trieste, nominata Citt\u00e0 della Scienza 2020, Il Piccolo dedica una nuova visibilit\u00e0 alla scienza, agli istituti scientifici e all&#8217;attivit\u00e0 di ricerca<\/p>\n<p><em>Articolo in edicola<\/em><\/p>\n","protected":false},"excerpt":{"rendered":"<p>Il Piccolo Dopo l&#8217;investitura di Trieste, nominata Citt\u00e0 della Scienza 2020, Il Piccolo dedica una nuova visibilit\u00e0 alla scienza, agli istituti scientifici e all&#8217;attivit\u00e0 di ricerca Articolo in edicola<\/p>\n","protected":false},"author":1,"featured_media":0,"comment_status":"closed","ping_status":"closed","sticky":false,"template":"","format":"standard","meta":{"_et_pb_use_builder":"","_et_pb_old_content":"","_et_gb_content_width":"","footnotes":""},"categories":[15],"tags":[],"class_list":["post-2087","post","type-post","status-publish","format-standard","hentry","category-rassegna-stampa-esof"],"_links":{"self":[{"href":"https:\/\/fondazioneinternazionale.org\/it\/wp-json\/wp\/v2\/posts\/2087","targetHints":{"allow":["GET"]}}],"collection":[{"href":"https:\/\/fondazioneinternazionale.org\/it\/wp-json\/wp\/v2\/posts"}],"about":[{"href":"https:\/\/fondazioneinternazionale.org\/it\/wp-json\/wp\/v2\/types\/post"}],"author":[{"embeddable":true,"href":"https:\/\/fondazioneinternazionale.org\/it\/wp-json\/wp\/v2\/users\/1"}],"replies":[{"embeddable":true,"href":"https:\/\/fondazioneinternazionale.org\/it\/wp-json\/wp\/v2\/comments?post=2087"}],"version-history":[{"count":0,"href":"https:\/\/fondazioneinternazionale.org\/it\/wp-json\/wp\/v2\/posts\/2087\/revisions"}],"wp:attachment":[{"href":"https:\/\/fondazioneinternazionale.org\/it\/wp-json\/wp\/v2\/media?parent=2087"}],"wp:term":[{"taxonomy":"category","embeddable":true,"href":"https:\/\/fondazioneinternazionale.org\/it\/wp-json\/wp\/v2\/categories?post=2087"},{"taxonomy":"post_tag","embeddable":true,"href":"https:\/\/fondazioneinternazionale.org\/it\/wp-json\/wp\/v2\/tags?post=2087"}],"curies":[{"name":"wp","href":"https:\/\/api.w.org\/{rel}","templated":true}]}}