{"id":2089,"date":"2018-01-19T09:28:31","date_gmt":"2018-01-19T08:28:31","guid":{"rendered":"https:\/\/www.fondazioneinternazionale.org\/?p=2089"},"modified":"2018-01-19T09:28:31","modified_gmt":"2018-01-19T08:28:31","slug":"tre-giorni-dentro-la-realta-virtuale","status":"publish","type":"post","link":"https:\/\/fondazioneinternazionale.org\/it\/tre-giorni-dentro-la-realta-virtuale\/","title":{"rendered":"Tre giorni dentro la realt\u00e0 virtuale"},"content":{"rendered":"<p><strong>Il Piccolo<\/strong><\/p>\n<p>La reatl\u00e0 virtuale sbarca al Trieste Film festival. L&#8217;evento che guarda al futuro \u00e8 anche occasione per parlare di ESOF, che verr\u00e0 presentato dal Champion Stefano Fantoni e da Nico Pitrelli responsabile della comunicazione.<\/p>\n<p><em>Articolo in edicola<\/em><\/p>\n","protected":false},"excerpt":{"rendered":"<p>Il Piccolo La reatl\u00e0 virtuale sbarca al Trieste Film festival. L&#8217;evento che guarda al futuro \u00e8 anche occasione per parlare di ESOF, che verr\u00e0 presentato dal Champion Stefano Fantoni e da Nico Pitrelli responsabile della comunicazione. Articolo in edicola<\/p>\n","protected":false},"author":1,"featured_media":0,"comment_status":"closed","ping_status":"closed","sticky":false,"template":"","format":"standard","meta":{"_et_pb_use_builder":"","_et_pb_old_content":"","_et_gb_content_width":"","footnotes":""},"categories":[15],"tags":[],"class_list":["post-2089","post","type-post","status-publish","format-standard","hentry","category-rassegna-stampa-esof"],"_links":{"self":[{"href":"https:\/\/fondazioneinternazionale.org\/it\/wp-json\/wp\/v2\/posts\/2089","targetHints":{"allow":["GET"]}}],"collection":[{"href":"https:\/\/fondazioneinternazionale.org\/it\/wp-json\/wp\/v2\/posts"}],"about":[{"href":"https:\/\/fondazioneinternazionale.org\/it\/wp-json\/wp\/v2\/types\/post"}],"author":[{"embeddable":true,"href":"https:\/\/fondazioneinternazionale.org\/it\/wp-json\/wp\/v2\/users\/1"}],"replies":[{"embeddable":true,"href":"https:\/\/fondazioneinternazionale.org\/it\/wp-json\/wp\/v2\/comments?post=2089"}],"version-history":[{"count":0,"href":"https:\/\/fondazioneinternazionale.org\/it\/wp-json\/wp\/v2\/posts\/2089\/revisions"}],"wp:attachment":[{"href":"https:\/\/fondazioneinternazionale.org\/it\/wp-json\/wp\/v2\/media?parent=2089"}],"wp:term":[{"taxonomy":"category","embeddable":true,"href":"https:\/\/fondazioneinternazionale.org\/it\/wp-json\/wp\/v2\/categories?post=2089"},{"taxonomy":"post_tag","embeddable":true,"href":"https:\/\/fondazioneinternazionale.org\/it\/wp-json\/wp\/v2\/tags?post=2089"}],"curies":[{"name":"wp","href":"https:\/\/api.w.org\/{rel}","templated":true}]}}