{"id":2099,"date":"2018-01-26T09:27:12","date_gmt":"2018-01-26T08:27:12","guid":{"rendered":"https:\/\/www.fondazioneinternazionale.org\/?p=2099"},"modified":"2018-01-26T09:27:12","modified_gmt":"2018-01-26T08:27:12","slug":"un-milione-di-euro-dalla-ue-per-esof2020","status":"publish","type":"post","link":"https:\/\/fondazioneinternazionale.org\/it\/un-milione-di-euro-dalla-ue-per-esof2020\/","title":{"rendered":"Un milione di Euro dalla Ue per Esof2020"},"content":{"rendered":"<p><strong>Il Piccolo<\/strong><\/p>\n<p>Confermato il budget di un milione di euro da parte dell&#8217;Unione europea per sostenere Esof 2020. Si punta a raccogliere un finanziamento superiore dato che ESOF2020 in questa occasione coinvolger\u00e0 un territorio piuttosto ampio.<br \/>\nL&#8217;incontro &#8220;Forum on new international research facilities for South East Europe&#8221;, che si sta svolgendo in questi giorni all&#8217;ICTP, dimostra la volont\u00e0 di stringere rapporti sempre pi\u00f9 stretti con l&#8217;est-Europa, con la proposta di aprire un centro di ricerca come il Cern nei territori pi\u00f9 orientali dell&#8217;Europa.<\/p>\n<p><em>Articolo in edicola<\/em><\/p>\n<p>&nbsp;<\/p>\n<div id=\"ritekit-alerts\"><\/div>\n","protected":false},"excerpt":{"rendered":"<p>Il Piccolo Confermato il budget di un milione di euro da parte dell&#8217;Unione europea per sostenere Esof 2020. Si punta a raccogliere un finanziamento superiore dato che ESOF2020 in questa occasione coinvolger\u00e0 un territorio piuttosto ampio. L&#8217;incontro &#8220;Forum on new international research facilities for South East Europe&#8221;, che si sta svolgendo in questi giorni all&#8217;ICTP, [&hellip;]<\/p>\n","protected":false},"author":1,"featured_media":0,"comment_status":"closed","ping_status":"closed","sticky":false,"template":"","format":"standard","meta":{"_et_pb_use_builder":"","_et_pb_old_content":"","_et_gb_content_width":"","footnotes":""},"categories":[15],"tags":[],"class_list":["post-2099","post","type-post","status-publish","format-standard","hentry","category-rassegna-stampa-esof"],"_links":{"self":[{"href":"https:\/\/fondazioneinternazionale.org\/it\/wp-json\/wp\/v2\/posts\/2099","targetHints":{"allow":["GET"]}}],"collection":[{"href":"https:\/\/fondazioneinternazionale.org\/it\/wp-json\/wp\/v2\/posts"}],"about":[{"href":"https:\/\/fondazioneinternazionale.org\/it\/wp-json\/wp\/v2\/types\/post"}],"author":[{"embeddable":true,"href":"https:\/\/fondazioneinternazionale.org\/it\/wp-json\/wp\/v2\/users\/1"}],"replies":[{"embeddable":true,"href":"https:\/\/fondazioneinternazionale.org\/it\/wp-json\/wp\/v2\/comments?post=2099"}],"version-history":[{"count":0,"href":"https:\/\/fondazioneinternazionale.org\/it\/wp-json\/wp\/v2\/posts\/2099\/revisions"}],"wp:attachment":[{"href":"https:\/\/fondazioneinternazionale.org\/it\/wp-json\/wp\/v2\/media?parent=2099"}],"wp:term":[{"taxonomy":"category","embeddable":true,"href":"https:\/\/fondazioneinternazionale.org\/it\/wp-json\/wp\/v2\/categories?post=2099"},{"taxonomy":"post_tag","embeddable":true,"href":"https:\/\/fondazioneinternazionale.org\/it\/wp-json\/wp\/v2\/tags?post=2099"}],"curies":[{"name":"wp","href":"https:\/\/api.w.org\/{rel}","templated":true}]}}