{"id":2103,"date":"2018-01-30T09:00:32","date_gmt":"2018-01-30T08:00:32","guid":{"rendered":"https:\/\/www.fondazioneinternazionale.org\/?p=2103"},"modified":"2018-01-30T09:00:32","modified_gmt":"2018-01-30T08:00:32","slug":"e-in-porto-vecchio-decolla-il-grande-centro-congressi","status":"publish","type":"post","link":"https:\/\/fondazioneinternazionale.org\/it\/e-in-porto-vecchio-decolla-il-grande-centro-congressi\/","title":{"rendered":"E in Porto vecchio decolla il grande centro congressi"},"content":{"rendered":"<p><strong>Il Piccolo<\/strong><\/p>\n<p>Si \u00e8 costituita la societ\u00e0 Trieste Convention Center, formata esclusivamente da imprenditori triestini. La societ\u00e0 punta a creare tra i magazzini 26 e 27 del Porto vecchio un grande centro congressi<\/p>\n<p><em>Articolo in edicola<\/em><\/p>\n<div id=\"ritekit-alerts\"><\/div>\n","protected":false},"excerpt":{"rendered":"<p>Il Piccolo Si \u00e8 costituita la societ\u00e0 Trieste Convention Center, formata esclusivamente da imprenditori triestini. La societ\u00e0 punta a creare tra i magazzini 26 e 27 del Porto vecchio un grande centro congressi Articolo in edicola<\/p>\n","protected":false},"author":1,"featured_media":0,"comment_status":"closed","ping_status":"closed","sticky":false,"template":"","format":"standard","meta":{"_et_pb_use_builder":"","_et_pb_old_content":"","_et_gb_content_width":"","footnotes":""},"categories":[15],"tags":[],"class_list":["post-2103","post","type-post","status-publish","format-standard","hentry","category-rassegna-stampa-esof"],"_links":{"self":[{"href":"https:\/\/fondazioneinternazionale.org\/it\/wp-json\/wp\/v2\/posts\/2103","targetHints":{"allow":["GET"]}}],"collection":[{"href":"https:\/\/fondazioneinternazionale.org\/it\/wp-json\/wp\/v2\/posts"}],"about":[{"href":"https:\/\/fondazioneinternazionale.org\/it\/wp-json\/wp\/v2\/types\/post"}],"author":[{"embeddable":true,"href":"https:\/\/fondazioneinternazionale.org\/it\/wp-json\/wp\/v2\/users\/1"}],"replies":[{"embeddable":true,"href":"https:\/\/fondazioneinternazionale.org\/it\/wp-json\/wp\/v2\/comments?post=2103"}],"version-history":[{"count":0,"href":"https:\/\/fondazioneinternazionale.org\/it\/wp-json\/wp\/v2\/posts\/2103\/revisions"}],"wp:attachment":[{"href":"https:\/\/fondazioneinternazionale.org\/it\/wp-json\/wp\/v2\/media?parent=2103"}],"wp:term":[{"taxonomy":"category","embeddable":true,"href":"https:\/\/fondazioneinternazionale.org\/it\/wp-json\/wp\/v2\/categories?post=2103"},{"taxonomy":"post_tag","embeddable":true,"href":"https:\/\/fondazioneinternazionale.org\/it\/wp-json\/wp\/v2\/tags?post=2103"}],"curies":[{"name":"wp","href":"https:\/\/api.w.org\/{rel}","templated":true}]}}