{"id":2178,"date":"2018-03-15T18:30:10","date_gmt":"2018-03-15T17:30:10","guid":{"rendered":"https:\/\/www.fondazioneinternazionale.org\/?p=2178"},"modified":"2018-03-15T18:30:10","modified_gmt":"2018-03-15T17:30:10","slug":"esof-2020-tindemans-trieste-avanti-in-organizzazione","status":"publish","type":"post","link":"https:\/\/fondazioneinternazionale.org\/it\/esof-2020-tindemans-trieste-avanti-in-organizzazione\/","title":{"rendered":"Esof 2020: Tindemans, Trieste avanti in organizzazione"},"content":{"rendered":"<p><strong>Ansa Nuova Europa<\/strong><\/p>\n<p>&#8220;Trieste sta facendo gi\u00e0 i primi passi e rispetto ad altre citt\u00e0 della scienza \u00e8 molto avanti&#8221;. Lo ha detto il Segretario generale di Euroscience, Peter Tindemans, in occasione del primo appuntamento internazionale di Tesi.<\/p>\n<p><em><a href=\"http:\/\/www.ansa.it\/nuova_europa\/it\/notizie\/rubriche\/altrenews\/2018\/03\/15\/esof-2020-tindemans-trieste-avanti-in-organizzazione_126a283b-0861-4178-82de-c3442a93d405.html?idPhoto=1\" rel=\"noopener\" target=\"_blank\">Leggi l&#8217;articolo<\/a><\/em><\/p>\n<div id=\"ritekit-alerts\"><\/div>\n","protected":false},"excerpt":{"rendered":"<p>Ansa Nuova Europa &#8220;Trieste sta facendo gi\u00e0 i primi passi e rispetto ad altre citt\u00e0 della scienza \u00e8 molto avanti&#8221;. Lo ha detto il Segretario generale di Euroscience, Peter Tindemans, in occasione del primo appuntamento internazionale di Tesi. Leggi l&#8217;articolo<\/p>\n","protected":false},"author":1,"featured_media":0,"comment_status":"closed","ping_status":"closed","sticky":false,"template":"","format":"standard","meta":{"_et_pb_use_builder":"","_et_pb_old_content":"","_et_gb_content_width":"","footnotes":""},"categories":[15],"tags":[],"class_list":["post-2178","post","type-post","status-publish","format-standard","hentry","category-rassegna-stampa-esof"],"_links":{"self":[{"href":"https:\/\/fondazioneinternazionale.org\/it\/wp-json\/wp\/v2\/posts\/2178","targetHints":{"allow":["GET"]}}],"collection":[{"href":"https:\/\/fondazioneinternazionale.org\/it\/wp-json\/wp\/v2\/posts"}],"about":[{"href":"https:\/\/fondazioneinternazionale.org\/it\/wp-json\/wp\/v2\/types\/post"}],"author":[{"embeddable":true,"href":"https:\/\/fondazioneinternazionale.org\/it\/wp-json\/wp\/v2\/users\/1"}],"replies":[{"embeddable":true,"href":"https:\/\/fondazioneinternazionale.org\/it\/wp-json\/wp\/v2\/comments?post=2178"}],"version-history":[{"count":0,"href":"https:\/\/fondazioneinternazionale.org\/it\/wp-json\/wp\/v2\/posts\/2178\/revisions"}],"wp:attachment":[{"href":"https:\/\/fondazioneinternazionale.org\/it\/wp-json\/wp\/v2\/media?parent=2178"}],"wp:term":[{"taxonomy":"category","embeddable":true,"href":"https:\/\/fondazioneinternazionale.org\/it\/wp-json\/wp\/v2\/categories?post=2178"},{"taxonomy":"post_tag","embeddable":true,"href":"https:\/\/fondazioneinternazionale.org\/it\/wp-json\/wp\/v2\/tags?post=2178"}],"curies":[{"name":"wp","href":"https:\/\/api.w.org\/{rel}","templated":true}]}}