{"id":2187,"date":"2018-03-17T14:50:23","date_gmt":"2018-03-17T13:50:23","guid":{"rendered":"https:\/\/www.fondazioneinternazionale.org\/?p=2187"},"modified":"2018-03-17T14:50:23","modified_gmt":"2018-03-17T13:50:23","slug":"esof-dory-lavorare-insieme-e-una-grande-opportunita","status":"publish","type":"post","link":"https:\/\/fondazioneinternazionale.org\/it\/esof-dory-lavorare-insieme-e-una-grande-opportunita\/","title":{"rendered":"Esof: Dory, lavorare insieme \u00e8 una grande opportunit\u00e0"},"content":{"rendered":"<p><strong>Ansa Nuova Europa<\/strong><\/p>\n<p>Tibor D\u0151ry, Managing Director del science centre Mobilis Ki\u00e1ll\u00edt\u00e1si K\u00f6zpont di Gy\u0151r, racconta il contributo dell&#8217;Ungheria a ESOF2020.<\/p>\n<p><a href=\"http:\/\/www.ansa.it\/sito\/videogallery\/mondo\/2018\/03\/17\/esof-dory-lavorare-insieme-e-una-grande-opportunita_cbc9cae6-4687-4565-b9aa-61ec75c8d51c.html\" rel=\"noopener\" target=\"_blank\"><em>Guarda la videointervista<\/em><\/a><\/p>\n","protected":false},"excerpt":{"rendered":"<p>Ansa Nuova Europa Tibor D\u0151ry, Managing Director del science centre Mobilis Ki\u00e1ll\u00edt\u00e1si K\u00f6zpont di Gy\u0151r, racconta il contributo dell&#8217;Ungheria a ESOF2020. Guarda la videointervista<\/p>\n","protected":false},"author":1,"featured_media":0,"comment_status":"closed","ping_status":"closed","sticky":false,"template":"","format":"standard","meta":{"_et_pb_use_builder":"","_et_pb_old_content":"","_et_gb_content_width":"","footnotes":""},"categories":[15],"tags":[],"class_list":["post-2187","post","type-post","status-publish","format-standard","hentry","category-rassegna-stampa-esof"],"_links":{"self":[{"href":"https:\/\/fondazioneinternazionale.org\/it\/wp-json\/wp\/v2\/posts\/2187","targetHints":{"allow":["GET"]}}],"collection":[{"href":"https:\/\/fondazioneinternazionale.org\/it\/wp-json\/wp\/v2\/posts"}],"about":[{"href":"https:\/\/fondazioneinternazionale.org\/it\/wp-json\/wp\/v2\/types\/post"}],"author":[{"embeddable":true,"href":"https:\/\/fondazioneinternazionale.org\/it\/wp-json\/wp\/v2\/users\/1"}],"replies":[{"embeddable":true,"href":"https:\/\/fondazioneinternazionale.org\/it\/wp-json\/wp\/v2\/comments?post=2187"}],"version-history":[{"count":0,"href":"https:\/\/fondazioneinternazionale.org\/it\/wp-json\/wp\/v2\/posts\/2187\/revisions"}],"wp:attachment":[{"href":"https:\/\/fondazioneinternazionale.org\/it\/wp-json\/wp\/v2\/media?parent=2187"}],"wp:term":[{"taxonomy":"category","embeddable":true,"href":"https:\/\/fondazioneinternazionale.org\/it\/wp-json\/wp\/v2\/categories?post=2187"},{"taxonomy":"post_tag","embeddable":true,"href":"https:\/\/fondazioneinternazionale.org\/it\/wp-json\/wp\/v2\/tags?post=2187"}],"curies":[{"name":"wp","href":"https:\/\/api.w.org\/{rel}","templated":true}]}}