{"id":2229,"date":"2018-04-28T13:00:14","date_gmt":"2018-04-28T11:00:14","guid":{"rendered":"https:\/\/www.fondazioneinternazionale.org\/?p=2229"},"modified":"2018-04-28T13:00:14","modified_gmt":"2018-04-28T11:00:14","slug":"la-musica-da-camera-entra-nei-luoghi-di-lavoro","status":"publish","type":"post","link":"https:\/\/fondazioneinternazionale.org\/it\/la-musica-da-camera-entra-nei-luoghi-di-lavoro\/","title":{"rendered":"La musica da camera entra nei luoghi di lavoro"},"content":{"rendered":"<p><strong>Il Piccolo<\/strong><\/p>\n<p>Una serie di sette appuntamenti proposti dalla Societ\u00e0 dei Concerti porta la musica da camera nei luoghi di lavoro e di scienza della nostra citt\u00e0. Il progetto \u00e8 stato chiamato &#8220;Verso Esof&#8221;.<\/p>\n<p><em>Articolo in edicola<\/em><\/p>\n","protected":false},"excerpt":{"rendered":"<p>Il Piccolo Una serie di sette appuntamenti proposti dalla Societ\u00e0 dei Concerti porta la musica da camera nei luoghi di lavoro e di scienza della nostra citt\u00e0. Il progetto \u00e8 stato chiamato &#8220;Verso Esof&#8221;. Articolo in edicola<\/p>\n","protected":false},"author":1,"featured_media":0,"comment_status":"closed","ping_status":"closed","sticky":false,"template":"","format":"standard","meta":{"_et_pb_use_builder":"","_et_pb_old_content":"","_et_gb_content_width":"","footnotes":""},"categories":[15],"tags":[],"class_list":["post-2229","post","type-post","status-publish","format-standard","hentry","category-rassegna-stampa-esof"],"_links":{"self":[{"href":"https:\/\/fondazioneinternazionale.org\/it\/wp-json\/wp\/v2\/posts\/2229","targetHints":{"allow":["GET"]}}],"collection":[{"href":"https:\/\/fondazioneinternazionale.org\/it\/wp-json\/wp\/v2\/posts"}],"about":[{"href":"https:\/\/fondazioneinternazionale.org\/it\/wp-json\/wp\/v2\/types\/post"}],"author":[{"embeddable":true,"href":"https:\/\/fondazioneinternazionale.org\/it\/wp-json\/wp\/v2\/users\/1"}],"replies":[{"embeddable":true,"href":"https:\/\/fondazioneinternazionale.org\/it\/wp-json\/wp\/v2\/comments?post=2229"}],"version-history":[{"count":0,"href":"https:\/\/fondazioneinternazionale.org\/it\/wp-json\/wp\/v2\/posts\/2229\/revisions"}],"wp:attachment":[{"href":"https:\/\/fondazioneinternazionale.org\/it\/wp-json\/wp\/v2\/media?parent=2229"}],"wp:term":[{"taxonomy":"category","embeddable":true,"href":"https:\/\/fondazioneinternazionale.org\/it\/wp-json\/wp\/v2\/categories?post=2229"},{"taxonomy":"post_tag","embeddable":true,"href":"https:\/\/fondazioneinternazionale.org\/it\/wp-json\/wp\/v2\/tags?post=2229"}],"curies":[{"name":"wp","href":"https:\/\/api.w.org\/{rel}","templated":true}]}}