{"id":2302,"date":"2018-07-16T15:51:32","date_gmt":"2018-07-16T13:51:32","guid":{"rendered":"https:\/\/www.fondazioneinternazionale.org\/?p=2302"},"modified":"2018-07-16T15:51:32","modified_gmt":"2018-07-16T13:51:32","slug":"lesperienza-di-tolosa-da-lo-sprone-a-trieste-per-esof-2020-bisogna-fare-meglio","status":"publish","type":"post","link":"https:\/\/fondazioneinternazionale.org\/it\/lesperienza-di-tolosa-da-lo-sprone-a-trieste-per-esof-2020-bisogna-fare-meglio\/","title":{"rendered":"L&#8217;esperienza di Tolosa d\u00e0 lo sprone a Trieste: \u00abPer ESOF2020 bisogna fare meglio\u00bb"},"content":{"rendered":"<p><strong>Il Piccolo<\/strong><\/p>\n<p>La delegazione triestina torna in patria con le idee un po&#8217; pi\u00f9 chiare su ci\u00f2 che si deve e non si deve fare di qui al 2020 per fare di Trieste la migliore Citt\u00e0 Europea della Scienza.<\/p>\n<p><em>Articolo in edicola<\/em><\/p>\n","protected":false},"excerpt":{"rendered":"<p>Il Piccolo La delegazione triestina torna in patria con le idee un po&#8217; pi\u00f9 chiare su ci\u00f2 che si deve e non si deve fare di qui al 2020 per fare di Trieste la migliore Citt\u00e0 Europea della Scienza. Articolo in edicola<\/p>\n","protected":false},"author":1,"featured_media":0,"comment_status":"closed","ping_status":"closed","sticky":false,"template":"","format":"standard","meta":{"_et_pb_use_builder":"","_et_pb_old_content":"","_et_gb_content_width":"","footnotes":""},"categories":[15],"tags":[],"class_list":["post-2302","post","type-post","status-publish","format-standard","hentry","category-rassegna-stampa-esof"],"_links":{"self":[{"href":"https:\/\/fondazioneinternazionale.org\/it\/wp-json\/wp\/v2\/posts\/2302","targetHints":{"allow":["GET"]}}],"collection":[{"href":"https:\/\/fondazioneinternazionale.org\/it\/wp-json\/wp\/v2\/posts"}],"about":[{"href":"https:\/\/fondazioneinternazionale.org\/it\/wp-json\/wp\/v2\/types\/post"}],"author":[{"embeddable":true,"href":"https:\/\/fondazioneinternazionale.org\/it\/wp-json\/wp\/v2\/users\/1"}],"replies":[{"embeddable":true,"href":"https:\/\/fondazioneinternazionale.org\/it\/wp-json\/wp\/v2\/comments?post=2302"}],"version-history":[{"count":0,"href":"https:\/\/fondazioneinternazionale.org\/it\/wp-json\/wp\/v2\/posts\/2302\/revisions"}],"wp:attachment":[{"href":"https:\/\/fondazioneinternazionale.org\/it\/wp-json\/wp\/v2\/media?parent=2302"}],"wp:term":[{"taxonomy":"category","embeddable":true,"href":"https:\/\/fondazioneinternazionale.org\/it\/wp-json\/wp\/v2\/categories?post=2302"},{"taxonomy":"post_tag","embeddable":true,"href":"https:\/\/fondazioneinternazionale.org\/it\/wp-json\/wp\/v2\/tags?post=2302"}],"curies":[{"name":"wp","href":"https:\/\/api.w.org\/{rel}","templated":true}]}}