{"id":2331,"date":"2018-07-15T10:12:24","date_gmt":"2018-07-15T08:12:24","guid":{"rendered":"https:\/\/www.fondazioneinternazionale.org\/?p=2331"},"modified":"2018-07-15T10:12:24","modified_gmt":"2018-07-15T08:12:24","slug":"trieste-citta-di-scienza","status":"publish","type":"post","link":"https:\/\/fondazioneinternazionale.org\/it\/trieste-citta-di-scienza\/","title":{"rendered":"Trieste citt\u00e0 di scienza"},"content":{"rendered":"<p><strong>La Sicilia<\/strong><\/p>\n<p>\u00c8 iniziato ufficialmente ieri con il passaggio di consegne tra Tolosa e Trieste il periodo di avvicinamento a ESOF2020, il pi\u00f9 importante festival della scienza che si terr\u00e0 nel capoluogo giuliano da sabato 4 luglio a venerd\u00ec 10 luglio 2020.<\/p>\n<p><em>Articolo in edicola<\/em><\/p>\n","protected":false},"excerpt":{"rendered":"<p>La Sicilia \u00c8 iniziato ufficialmente ieri con il passaggio di consegne tra Tolosa e Trieste il periodo di avvicinamento a ESOF2020, il pi\u00f9 importante festival della scienza che si terr\u00e0 nel capoluogo giuliano da sabato 4 luglio a venerd\u00ec 10 luglio 2020. Articolo in edicola<\/p>\n","protected":false},"author":1,"featured_media":0,"comment_status":"closed","ping_status":"closed","sticky":false,"template":"","format":"standard","meta":{"_et_pb_use_builder":"","_et_pb_old_content":"","_et_gb_content_width":"","footnotes":""},"categories":[15],"tags":[],"class_list":["post-2331","post","type-post","status-publish","format-standard","hentry","category-rassegna-stampa-esof"],"_links":{"self":[{"href":"https:\/\/fondazioneinternazionale.org\/it\/wp-json\/wp\/v2\/posts\/2331","targetHints":{"allow":["GET"]}}],"collection":[{"href":"https:\/\/fondazioneinternazionale.org\/it\/wp-json\/wp\/v2\/posts"}],"about":[{"href":"https:\/\/fondazioneinternazionale.org\/it\/wp-json\/wp\/v2\/types\/post"}],"author":[{"embeddable":true,"href":"https:\/\/fondazioneinternazionale.org\/it\/wp-json\/wp\/v2\/users\/1"}],"replies":[{"embeddable":true,"href":"https:\/\/fondazioneinternazionale.org\/it\/wp-json\/wp\/v2\/comments?post=2331"}],"version-history":[{"count":0,"href":"https:\/\/fondazioneinternazionale.org\/it\/wp-json\/wp\/v2\/posts\/2331\/revisions"}],"wp:attachment":[{"href":"https:\/\/fondazioneinternazionale.org\/it\/wp-json\/wp\/v2\/media?parent=2331"}],"wp:term":[{"taxonomy":"category","embeddable":true,"href":"https:\/\/fondazioneinternazionale.org\/it\/wp-json\/wp\/v2\/categories?post=2331"},{"taxonomy":"post_tag","embeddable":true,"href":"https:\/\/fondazioneinternazionale.org\/it\/wp-json\/wp\/v2\/tags?post=2331"}],"curies":[{"name":"wp","href":"https:\/\/api.w.org\/{rel}","templated":true}]}}