{"id":2337,"date":"2018-07-14T10:21:18","date_gmt":"2018-07-14T08:21:18","guid":{"rendered":"https:\/\/www.fondazioneinternazionale.org\/?p=2337"},"modified":"2018-07-14T10:21:18","modified_gmt":"2018-07-14T08:21:18","slug":"2337","status":"publish","type":"post","link":"https:\/\/fondazioneinternazionale.org\/it\/2337\/","title":{"rendered":"ESOF2020: Rosolen, evento strategico per ruolo internazionale Ts"},"content":{"rendered":"<p><strong>Messaggero Veneto<\/strong><\/p>\n<p>ESOF2020 pu\u00f2 costituire una straordinaria opportunit\u00e0 per sviluppare il potenziale del territorio dal punto di vista della scienza ma anche della portualit\u00e0, della logistica e del turismo.<\/p>\n<p><a href=\"http:\/\/messaggeroveneto.gelocal.it\/dalla-giunta\/2018\/07\/14\/news\/esof-2020-rosolen-evento-strategico-per-ruolo-internazionale-ts?id=finegil:messaggero-veneto.site:-1423063841\" rel=\"noopener\" target=\"_blank\"><em>Leggi l&#8217;articolo<\/em><\/a><\/p>\n","protected":false},"excerpt":{"rendered":"<p>Messaggero Veneto ESOF2020 pu\u00f2 costituire una straordinaria opportunit\u00e0 per sviluppare il potenziale del territorio dal punto di vista della scienza ma anche della portualit\u00e0, della logistica e del turismo. Leggi l&#8217;articolo<\/p>\n","protected":false},"author":1,"featured_media":0,"comment_status":"closed","ping_status":"closed","sticky":false,"template":"","format":"standard","meta":{"_et_pb_use_builder":"","_et_pb_old_content":"","_et_gb_content_width":"","footnotes":""},"categories":[15],"tags":[],"class_list":["post-2337","post","type-post","status-publish","format-standard","hentry","category-rassegna-stampa-esof"],"_links":{"self":[{"href":"https:\/\/fondazioneinternazionale.org\/it\/wp-json\/wp\/v2\/posts\/2337","targetHints":{"allow":["GET"]}}],"collection":[{"href":"https:\/\/fondazioneinternazionale.org\/it\/wp-json\/wp\/v2\/posts"}],"about":[{"href":"https:\/\/fondazioneinternazionale.org\/it\/wp-json\/wp\/v2\/types\/post"}],"author":[{"embeddable":true,"href":"https:\/\/fondazioneinternazionale.org\/it\/wp-json\/wp\/v2\/users\/1"}],"replies":[{"embeddable":true,"href":"https:\/\/fondazioneinternazionale.org\/it\/wp-json\/wp\/v2\/comments?post=2337"}],"version-history":[{"count":0,"href":"https:\/\/fondazioneinternazionale.org\/it\/wp-json\/wp\/v2\/posts\/2337\/revisions"}],"wp:attachment":[{"href":"https:\/\/fondazioneinternazionale.org\/it\/wp-json\/wp\/v2\/media?parent=2337"}],"wp:term":[{"taxonomy":"category","embeddable":true,"href":"https:\/\/fondazioneinternazionale.org\/it\/wp-json\/wp\/v2\/categories?post=2337"},{"taxonomy":"post_tag","embeddable":true,"href":"https:\/\/fondazioneinternazionale.org\/it\/wp-json\/wp\/v2\/tags?post=2337"}],"curies":[{"name":"wp","href":"https:\/\/api.w.org\/{rel}","templated":true}]}}