{"id":2370,"date":"2018-07-18T11:52:15","date_gmt":"2018-07-18T09:52:15","guid":{"rendered":"https:\/\/www.fondazioneinternazionale.org\/?p=2370"},"modified":"2018-07-18T11:52:15","modified_gmt":"2018-07-18T09:52:15","slug":"da-tolosa-a-trieste","status":"publish","type":"post","link":"https:\/\/fondazioneinternazionale.org\/it\/da-tolosa-a-trieste\/","title":{"rendered":"Da Tolosa a Trieste"},"content":{"rendered":"<p><strong>Il Piccolo <\/strong><\/p>\n<p>\u00c8 fatta. Ora tocca davvero a Trieste: fino a luglio 2020 sar\u00e0 ufficialmente Citt\u00e0 europea della scienza.<\/p>\n<p><em>Articolo in edicola<\/em><\/p>\n","protected":false},"excerpt":{"rendered":"<p>Il Piccolo \u00c8 fatta. Ora tocca davvero a Trieste: fino a luglio 2020 sar\u00e0 ufficialmente Citt\u00e0 europea della scienza. Articolo in edicola<\/p>\n","protected":false},"author":1,"featured_media":0,"comment_status":"closed","ping_status":"closed","sticky":false,"template":"","format":"standard","meta":{"_et_pb_use_builder":"","_et_pb_old_content":"","_et_gb_content_width":"","footnotes":""},"categories":[15],"tags":[],"class_list":["post-2370","post","type-post","status-publish","format-standard","hentry","category-rassegna-stampa-esof"],"_links":{"self":[{"href":"https:\/\/fondazioneinternazionale.org\/it\/wp-json\/wp\/v2\/posts\/2370","targetHints":{"allow":["GET"]}}],"collection":[{"href":"https:\/\/fondazioneinternazionale.org\/it\/wp-json\/wp\/v2\/posts"}],"about":[{"href":"https:\/\/fondazioneinternazionale.org\/it\/wp-json\/wp\/v2\/types\/post"}],"author":[{"embeddable":true,"href":"https:\/\/fondazioneinternazionale.org\/it\/wp-json\/wp\/v2\/users\/1"}],"replies":[{"embeddable":true,"href":"https:\/\/fondazioneinternazionale.org\/it\/wp-json\/wp\/v2\/comments?post=2370"}],"version-history":[{"count":0,"href":"https:\/\/fondazioneinternazionale.org\/it\/wp-json\/wp\/v2\/posts\/2370\/revisions"}],"wp:attachment":[{"href":"https:\/\/fondazioneinternazionale.org\/it\/wp-json\/wp\/v2\/media?parent=2370"}],"wp:term":[{"taxonomy":"category","embeddable":true,"href":"https:\/\/fondazioneinternazionale.org\/it\/wp-json\/wp\/v2\/categories?post=2370"},{"taxonomy":"post_tag","embeddable":true,"href":"https:\/\/fondazioneinternazionale.org\/it\/wp-json\/wp\/v2\/tags?post=2370"}],"curies":[{"name":"wp","href":"https:\/\/api.w.org\/{rel}","templated":true}]}}