{"id":2464,"date":"2018-05-31T10:58:15","date_gmt":"2018-05-31T08:58:15","guid":{"rendered":"https:\/\/www.fondazioneinternazionale.org\/?p=2464"},"modified":"2018-05-31T10:58:15","modified_gmt":"2018-05-31T08:58:15","slug":"esof-2020-trieste-in-lizza-sede-western-balkan-foundation","status":"publish","type":"post","link":"https:\/\/fondazioneinternazionale.org\/it\/esof-2020-trieste-in-lizza-sede-western-balkan-foundation\/","title":{"rendered":"Esof 2020: Trieste in lizza sede Western Balkan Foundation"},"content":{"rendered":"<p><strong>ANSA Nuova Europa<\/strong><\/p>\n<p>Manca ancora il sigillo dell&#8217;ufficialit\u00e0, ma Trieste sar\u00e0 con ogni probabilit\u00e0 la sede della costituenda Western Balkan Foundation, l&#8217;organismo che, nell&#8217;ambito del processo di Berlino, dovrebbe attuare policy mirate a favorire la mobilit\u00e0 di scienziati provenienti dai paesi del Sud Europa.<\/p>\n<p><a href=\"http:\/\/www.ansa.it\/nuova_europa\/it\/notizie\/rubriche\/scienza\/2018\/05\/31\/esof-2020-trieste-in-lizza-sede-western-balkan-foundation_a2a22dd6-d516-4bff-9280-42511c0b629b.html\" rel=\"noopener\" target=\"_blank\"><em>Leggi l&#8217;articolo<\/em><\/a><\/p>\n","protected":false},"excerpt":{"rendered":"<p>ANSA Nuova Europa Manca ancora il sigillo dell&#8217;ufficialit\u00e0, ma Trieste sar\u00e0 con ogni probabilit\u00e0 la sede della costituenda Western Balkan Foundation, l&#8217;organismo che, nell&#8217;ambito del processo di Berlino, dovrebbe attuare policy mirate a favorire la mobilit\u00e0 di scienziati provenienti dai paesi del Sud Europa. Leggi l&#8217;articolo<\/p>\n","protected":false},"author":1,"featured_media":0,"comment_status":"closed","ping_status":"closed","sticky":false,"template":"","format":"standard","meta":{"_et_pb_use_builder":"","_et_pb_old_content":"","_et_gb_content_width":"","footnotes":""},"categories":[15],"tags":[],"class_list":["post-2464","post","type-post","status-publish","format-standard","hentry","category-rassegna-stampa-esof"],"_links":{"self":[{"href":"https:\/\/fondazioneinternazionale.org\/it\/wp-json\/wp\/v2\/posts\/2464","targetHints":{"allow":["GET"]}}],"collection":[{"href":"https:\/\/fondazioneinternazionale.org\/it\/wp-json\/wp\/v2\/posts"}],"about":[{"href":"https:\/\/fondazioneinternazionale.org\/it\/wp-json\/wp\/v2\/types\/post"}],"author":[{"embeddable":true,"href":"https:\/\/fondazioneinternazionale.org\/it\/wp-json\/wp\/v2\/users\/1"}],"replies":[{"embeddable":true,"href":"https:\/\/fondazioneinternazionale.org\/it\/wp-json\/wp\/v2\/comments?post=2464"}],"version-history":[{"count":0,"href":"https:\/\/fondazioneinternazionale.org\/it\/wp-json\/wp\/v2\/posts\/2464\/revisions"}],"wp:attachment":[{"href":"https:\/\/fondazioneinternazionale.org\/it\/wp-json\/wp\/v2\/media?parent=2464"}],"wp:term":[{"taxonomy":"category","embeddable":true,"href":"https:\/\/fondazioneinternazionale.org\/it\/wp-json\/wp\/v2\/categories?post=2464"},{"taxonomy":"post_tag","embeddable":true,"href":"https:\/\/fondazioneinternazionale.org\/it\/wp-json\/wp\/v2\/tags?post=2464"}],"curies":[{"name":"wp","href":"https:\/\/api.w.org\/{rel}","templated":true}]}}