{"id":2541,"date":"2018-10-09T09:52:19","date_gmt":"2018-10-09T07:52:19","guid":{"rendered":"https:\/\/www.fondazioneinternazionale.org\/?p=2541"},"modified":"2018-10-09T09:52:19","modified_gmt":"2018-10-09T07:52:19","slug":"a-trieste-la-maratona-spaziale-della-nasa","status":"publish","type":"post","link":"https:\/\/fondazioneinternazionale.org\/it\/a-trieste-la-maratona-spaziale-della-nasa\/","title":{"rendered":"A Trieste la maratona spaziale della NASA"},"content":{"rendered":"<p><strong>Il Piccolo<\/strong><\/p>\n<p>Menti creative, mettetevi in moto: arriva per la prima volta a Trieste Nasa SpaceApps Challenge, la pi\u00f9 grande competizione d&#8217;idee a livello globale organizzata dalla Nasa, che si svolger\u00e0 contemporaneamente il 20 e il 21 ottobre in pi\u00f9 di 200 citt\u00e0 del mondo e che quest&#8217;anno arriva anche nel capoluogo giuliano, inserendosi nella cornice di eventi proEsof.<\/p>\n<p><em>In edicola<\/em><\/p>\n","protected":false},"excerpt":{"rendered":"<p>Il Piccolo Menti creative, mettetevi in moto: arriva per la prima volta a Trieste Nasa SpaceApps Challenge, la pi\u00f9 grande competizione d&#8217;idee a livello globale organizzata dalla Nasa, che si svolger\u00e0 contemporaneamente il 20 e il 21 ottobre in pi\u00f9 di 200 citt\u00e0 del mondo e che quest&#8217;anno arriva anche nel capoluogo giuliano, inserendosi nella [&hellip;]<\/p>\n","protected":false},"author":1,"featured_media":0,"comment_status":"closed","ping_status":"closed","sticky":false,"template":"","format":"standard","meta":{"_et_pb_use_builder":"","_et_pb_old_content":"","_et_gb_content_width":"","footnotes":""},"categories":[15],"tags":[240],"class_list":["post-2541","post","type-post","status-publish","format-standard","hentry","category-rassegna-stampa-esof","tag-il-piccolo"],"_links":{"self":[{"href":"https:\/\/fondazioneinternazionale.org\/it\/wp-json\/wp\/v2\/posts\/2541","targetHints":{"allow":["GET"]}}],"collection":[{"href":"https:\/\/fondazioneinternazionale.org\/it\/wp-json\/wp\/v2\/posts"}],"about":[{"href":"https:\/\/fondazioneinternazionale.org\/it\/wp-json\/wp\/v2\/types\/post"}],"author":[{"embeddable":true,"href":"https:\/\/fondazioneinternazionale.org\/it\/wp-json\/wp\/v2\/users\/1"}],"replies":[{"embeddable":true,"href":"https:\/\/fondazioneinternazionale.org\/it\/wp-json\/wp\/v2\/comments?post=2541"}],"version-history":[{"count":0,"href":"https:\/\/fondazioneinternazionale.org\/it\/wp-json\/wp\/v2\/posts\/2541\/revisions"}],"wp:attachment":[{"href":"https:\/\/fondazioneinternazionale.org\/it\/wp-json\/wp\/v2\/media?parent=2541"}],"wp:term":[{"taxonomy":"category","embeddable":true,"href":"https:\/\/fondazioneinternazionale.org\/it\/wp-json\/wp\/v2\/categories?post=2541"},{"taxonomy":"post_tag","embeddable":true,"href":"https:\/\/fondazioneinternazionale.org\/it\/wp-json\/wp\/v2\/tags?post=2541"}],"curies":[{"name":"wp","href":"https:\/\/api.w.org\/{rel}","templated":true}]}}