{"id":2548,"date":"2018-10-10T14:33:06","date_gmt":"2018-10-10T12:33:06","guid":{"rendered":"https:\/\/www.fondazioneinternazionale.org\/?p=2548"},"modified":"2018-10-10T14:33:06","modified_gmt":"2018-10-10T12:33:06","slug":"artisti-associati-contrada-e-css-piu-forti-insieme-per-le-residenze-artistiche","status":"publish","type":"post","link":"https:\/\/fondazioneinternazionale.org\/it\/artisti-associati-contrada-e-css-piu-forti-insieme-per-le-residenze-artistiche\/","title":{"rendered":"Artisti associati, Contrada e Css pi\u00fa forti insieme per le Residenze artistiche"},"content":{"rendered":"<p><strong>Messaggero Veneto<\/strong><\/p>\n<p>&#8220;Il progetto delle Residenze artistiche \u00e8 quello di pi\u00f9 forte innovazione che ho visto al Mibact negli ultimi anni. Spero sia un incontro di idee e non uno scontro tra soggetto pi\u00f9 forte e soggetti pi\u00f9 deboli. Senz&#8217; altro una proposta ricca che coinvolge pi\u00f9 parti del territorio&#8221;. L&#8217; assessore regionale alla cultura Gibelli plaude i progetti delle residenze per artisti della regione Friuli Vg assegnati tramite bando.<\/p>\n<p><em>In edicola<\/em><\/p>\n","protected":false},"excerpt":{"rendered":"<p>Messaggero Veneto &#8220;Il progetto delle Residenze artistiche \u00e8 quello di pi\u00f9 forte innovazione che ho visto al Mibact negli ultimi anni. Spero sia un incontro di idee e non uno scontro tra soggetto pi\u00f9 forte e soggetti pi\u00f9 deboli. Senz&#8217; altro una proposta ricca che coinvolge pi\u00f9 parti del territorio&#8221;. L&#8217; assessore regionale alla cultura [&hellip;]<\/p>\n","protected":false},"author":1,"featured_media":0,"comment_status":"closed","ping_status":"closed","sticky":false,"template":"","format":"standard","meta":{"_et_pb_use_builder":"","_et_pb_old_content":"","_et_gb_content_width":"","footnotes":""},"categories":[15],"tags":[329],"class_list":["post-2548","post","type-post","status-publish","format-standard","hentry","category-rassegna-stampa-esof","tag-messaggero-veneto"],"_links":{"self":[{"href":"https:\/\/fondazioneinternazionale.org\/it\/wp-json\/wp\/v2\/posts\/2548","targetHints":{"allow":["GET"]}}],"collection":[{"href":"https:\/\/fondazioneinternazionale.org\/it\/wp-json\/wp\/v2\/posts"}],"about":[{"href":"https:\/\/fondazioneinternazionale.org\/it\/wp-json\/wp\/v2\/types\/post"}],"author":[{"embeddable":true,"href":"https:\/\/fondazioneinternazionale.org\/it\/wp-json\/wp\/v2\/users\/1"}],"replies":[{"embeddable":true,"href":"https:\/\/fondazioneinternazionale.org\/it\/wp-json\/wp\/v2\/comments?post=2548"}],"version-history":[{"count":0,"href":"https:\/\/fondazioneinternazionale.org\/it\/wp-json\/wp\/v2\/posts\/2548\/revisions"}],"wp:attachment":[{"href":"https:\/\/fondazioneinternazionale.org\/it\/wp-json\/wp\/v2\/media?parent=2548"}],"wp:term":[{"taxonomy":"category","embeddable":true,"href":"https:\/\/fondazioneinternazionale.org\/it\/wp-json\/wp\/v2\/categories?post=2548"},{"taxonomy":"post_tag","embeddable":true,"href":"https:\/\/fondazioneinternazionale.org\/it\/wp-json\/wp\/v2\/tags?post=2548"}],"curies":[{"name":"wp","href":"https:\/\/api.w.org\/{rel}","templated":true}]}}