{"id":2554,"date":"2018-10-15T09:33:48","date_gmt":"2018-10-15T07:33:48","guid":{"rendered":"https:\/\/www.fondazioneinternazionale.org\/?p=2554"},"modified":"2018-10-15T09:33:48","modified_gmt":"2018-10-15T07:33:48","slug":"grande-successo-per-il-meet-in-italy-for-life-sciences","status":"publish","type":"post","link":"https:\/\/fondazioneinternazionale.org\/it\/grande-successo-per-il-meet-in-italy-for-life-sciences\/","title":{"rendered":"Grande successo per il Meet in Italy for Life Sciences"},"content":{"rendered":"<p><strong>Impresa mia<\/strong><\/p>\n<p>Oltre 1.000 presenze nella tre giorni bolognese. Interessanti gli spunti emersi dal dibattito della conferenza internazionale, al termine della quale \u00e8 stato comunicato che la citt\u00e0 che ospiter\u00e0 l\u2019edizione 2019 sar\u00e0 Trieste.<\/p>\n<p><em>Leggi l&#8217;articolo<\/em><a href=\"https:\/\/www.impresamia.com\/innovazione-grande-successo-per-il-meet-italy-life-sciences\/\" rel=\"noopener\" target=\"_blank\"><\/a><\/p>\n","protected":false},"excerpt":{"rendered":"<p>Impresa mia Oltre 1.000 presenze nella tre giorni bolognese. Interessanti gli spunti emersi dal dibattito della conferenza internazionale, al termine della quale \u00e8 stato comunicato che la citt\u00e0 che ospiter\u00e0 l\u2019edizione 2019 sar\u00e0 Trieste. Leggi l&#8217;articolo<\/p>\n","protected":false},"author":1,"featured_media":0,"comment_status":"closed","ping_status":"closed","sticky":false,"template":"","format":"standard","meta":{"_et_pb_use_builder":"","_et_pb_old_content":"","_et_gb_content_width":"","footnotes":""},"categories":[15],"tags":[261,373],"class_list":["post-2554","post","type-post","status-publish","format-standard","hentry","category-rassegna-stampa-esof","tag-impresa-mia","tag-online"],"_links":{"self":[{"href":"https:\/\/fondazioneinternazionale.org\/it\/wp-json\/wp\/v2\/posts\/2554","targetHints":{"allow":["GET"]}}],"collection":[{"href":"https:\/\/fondazioneinternazionale.org\/it\/wp-json\/wp\/v2\/posts"}],"about":[{"href":"https:\/\/fondazioneinternazionale.org\/it\/wp-json\/wp\/v2\/types\/post"}],"author":[{"embeddable":true,"href":"https:\/\/fondazioneinternazionale.org\/it\/wp-json\/wp\/v2\/users\/1"}],"replies":[{"embeddable":true,"href":"https:\/\/fondazioneinternazionale.org\/it\/wp-json\/wp\/v2\/comments?post=2554"}],"version-history":[{"count":0,"href":"https:\/\/fondazioneinternazionale.org\/it\/wp-json\/wp\/v2\/posts\/2554\/revisions"}],"wp:attachment":[{"href":"https:\/\/fondazioneinternazionale.org\/it\/wp-json\/wp\/v2\/media?parent=2554"}],"wp:term":[{"taxonomy":"category","embeddable":true,"href":"https:\/\/fondazioneinternazionale.org\/it\/wp-json\/wp\/v2\/categories?post=2554"},{"taxonomy":"post_tag","embeddable":true,"href":"https:\/\/fondazioneinternazionale.org\/it\/wp-json\/wp\/v2\/tags?post=2554"}],"curies":[{"name":"wp","href":"https:\/\/api.w.org\/{rel}","templated":true}]}}