{"id":2627,"date":"2018-10-12T18:08:34","date_gmt":"2018-10-12T16:08:34","guid":{"rendered":"https:\/\/www.fondazioneinternazionale.org\/?p=2627"},"modified":"2018-10-12T18:08:34","modified_gmt":"2018-10-12T16:08:34","slug":"roberti-rilancia-il-patto-con-i-comuni","status":"publish","type":"post","link":"https:\/\/fondazioneinternazionale.org\/it\/roberti-rilancia-il-patto-con-i-comuni\/","title":{"rendered":"Roberti rilancia il \u201cpatto\u201d con i Comuni"},"content":{"rendered":"<p><strong>Il Piccolo<\/strong><\/p>\n<p>La sinergia tra Regione e Comune di Trieste e, pi\u00f9 in generale, con tutte le amministrazioni locali, \u00e8 un elemento fondamentale per la crescita della citt\u00e0 e dell&#8217; intero Friuli Venezia Giulia.<\/p>\n<p><em>In edicola<\/em><\/p>\n","protected":false},"excerpt":{"rendered":"<p>Il Piccolo La sinergia tra Regione e Comune di Trieste e, pi\u00f9 in generale, con tutte le amministrazioni locali, \u00e8 un elemento fondamentale per la crescita della citt\u00e0 e dell&#8217; intero Friuli Venezia Giulia. In edicola<\/p>\n","protected":false},"author":1,"featured_media":0,"comment_status":"closed","ping_status":"closed","sticky":false,"template":"","format":"standard","meta":{"_et_pb_use_builder":"","_et_pb_old_content":"","_et_gb_content_width":"","footnotes":""},"categories":[15],"tags":[240],"class_list":["post-2627","post","type-post","status-publish","format-standard","hentry","category-rassegna-stampa-esof","tag-il-piccolo"],"_links":{"self":[{"href":"https:\/\/fondazioneinternazionale.org\/it\/wp-json\/wp\/v2\/posts\/2627","targetHints":{"allow":["GET"]}}],"collection":[{"href":"https:\/\/fondazioneinternazionale.org\/it\/wp-json\/wp\/v2\/posts"}],"about":[{"href":"https:\/\/fondazioneinternazionale.org\/it\/wp-json\/wp\/v2\/types\/post"}],"author":[{"embeddable":true,"href":"https:\/\/fondazioneinternazionale.org\/it\/wp-json\/wp\/v2\/users\/1"}],"replies":[{"embeddable":true,"href":"https:\/\/fondazioneinternazionale.org\/it\/wp-json\/wp\/v2\/comments?post=2627"}],"version-history":[{"count":0,"href":"https:\/\/fondazioneinternazionale.org\/it\/wp-json\/wp\/v2\/posts\/2627\/revisions"}],"wp:attachment":[{"href":"https:\/\/fondazioneinternazionale.org\/it\/wp-json\/wp\/v2\/media?parent=2627"}],"wp:term":[{"taxonomy":"category","embeddable":true,"href":"https:\/\/fondazioneinternazionale.org\/it\/wp-json\/wp\/v2\/categories?post=2627"},{"taxonomy":"post_tag","embeddable":true,"href":"https:\/\/fondazioneinternazionale.org\/it\/wp-json\/wp\/v2\/tags?post=2627"}],"curies":[{"name":"wp","href":"https:\/\/api.w.org\/{rel}","templated":true}]}}