{"id":2637,"date":"2018-10-27T11:09:07","date_gmt":"2018-10-27T09:09:07","guid":{"rendered":"https:\/\/www.fondazioneinternazionale.org\/?p=2637"},"modified":"2018-10-27T11:09:07","modified_gmt":"2018-10-27T09:09:07","slug":"dalla-laurea-in-chimica-ai-ruoli-di-primo-piano","status":"publish","type":"post","link":"https:\/\/fondazioneinternazionale.org\/it\/dalla-laurea-in-chimica-ai-ruoli-di-primo-piano\/","title":{"rendered":"Dalla laurea in Chimica ai ruoli di primo piano"},"content":{"rendered":"<p><strong>Il Piccolo<\/strong><\/p>\n<p>Sergio Paoletti si \u00e8 laureato con lode in Chimica all&#8217; Universit\u00e0 degli studi di Trieste nel 1972. \u00c8 diventato professore ordinario di Biochimica alla facolt\u00e0 di Medicina dell&#8217; Universit\u00e0 degli studi di Sassari nel 1994 e successivamente a Trieste nel 1995. Qui \u00e8 stato poi membro del Consiglio di amministrazione (2006-2009), vice-rettore (settembre 2009- maggio 2013) e rettore vicario (maggio-luglio 2013).<\/p>\n<p><em>In edicola<\/em><\/p>\n","protected":false},"excerpt":{"rendered":"<p>Il Piccolo Sergio Paoletti si \u00e8 laureato con lode in Chimica all&#8217; Universit\u00e0 degli studi di Trieste nel 1972. \u00c8 diventato professore ordinario di Biochimica alla facolt\u00e0 di Medicina dell&#8217; Universit\u00e0 degli studi di Sassari nel 1994 e successivamente a Trieste nel 1995. Qui \u00e8 stato poi membro del Consiglio di amministrazione (2006-2009), vice-rettore (settembre [&hellip;]<\/p>\n","protected":false},"author":1,"featured_media":0,"comment_status":"closed","ping_status":"closed","sticky":false,"template":"","format":"standard","meta":{"_et_pb_use_builder":"","_et_pb_old_content":"","_et_gb_content_width":"","footnotes":""},"categories":[15],"tags":[240],"class_list":["post-2637","post","type-post","status-publish","format-standard","hentry","category-rassegna-stampa-esof","tag-il-piccolo"],"_links":{"self":[{"href":"https:\/\/fondazioneinternazionale.org\/it\/wp-json\/wp\/v2\/posts\/2637","targetHints":{"allow":["GET"]}}],"collection":[{"href":"https:\/\/fondazioneinternazionale.org\/it\/wp-json\/wp\/v2\/posts"}],"about":[{"href":"https:\/\/fondazioneinternazionale.org\/it\/wp-json\/wp\/v2\/types\/post"}],"author":[{"embeddable":true,"href":"https:\/\/fondazioneinternazionale.org\/it\/wp-json\/wp\/v2\/users\/1"}],"replies":[{"embeddable":true,"href":"https:\/\/fondazioneinternazionale.org\/it\/wp-json\/wp\/v2\/comments?post=2637"}],"version-history":[{"count":0,"href":"https:\/\/fondazioneinternazionale.org\/it\/wp-json\/wp\/v2\/posts\/2637\/revisions"}],"wp:attachment":[{"href":"https:\/\/fondazioneinternazionale.org\/it\/wp-json\/wp\/v2\/media?parent=2637"}],"wp:term":[{"taxonomy":"category","embeddable":true,"href":"https:\/\/fondazioneinternazionale.org\/it\/wp-json\/wp\/v2\/categories?post=2637"},{"taxonomy":"post_tag","embeddable":true,"href":"https:\/\/fondazioneinternazionale.org\/it\/wp-json\/wp\/v2\/tags?post=2637"}],"curies":[{"name":"wp","href":"https:\/\/api.w.org\/{rel}","templated":true}]}}