{"id":2669,"date":"2018-11-10T11:46:35","date_gmt":"2018-11-10T10:46:35","guid":{"rendered":"https:\/\/www.fondazioneinternazionale.org\/?p=2669"},"modified":"2018-11-10T11:46:35","modified_gmt":"2018-11-10T10:46:35","slug":"lunesco-porta-in-citta-il-forum-internazionale-dedicato-ai-giovani","status":"publish","type":"post","link":"https:\/\/fondazioneinternazionale.org\/it\/lunesco-porta-in-citta-il-forum-internazionale-dedicato-ai-giovani\/","title":{"rendered":"L\u2019Unesco porta in citt\u00e0 il forum internazionale dedicato ai giovani"},"content":{"rendered":"<p><strong>Il Piccolo<\/strong><\/p>\n<p>Trieste dal 5 al 7 aprile ospiter\u00e0 oltre 300 giovani che arriveranno in citt\u00e0 per il secondo \u201cUnesco Youth Forum\u201d. Il capoluogo giuliano \u00e8 stato scelto perch\u00e9 nel 2020 sar\u00e0 la casa di Esof.<\/p>\n<p><em>In edicola<\/em><\/p>\n","protected":false},"excerpt":{"rendered":"<p>Il Piccolo Trieste dal 5 al 7 aprile ospiter\u00e0 oltre 300 giovani che arriveranno in citt\u00e0 per il secondo \u201cUnesco Youth Forum\u201d. Il capoluogo giuliano \u00e8 stato scelto perch\u00e9 nel 2020 sar\u00e0 la casa di Esof. In edicola<\/p>\n","protected":false},"author":1,"featured_media":0,"comment_status":"closed","ping_status":"closed","sticky":false,"template":"","format":"standard","meta":{"_et_pb_use_builder":"","_et_pb_old_content":"","_et_gb_content_width":"","footnotes":""},"categories":[15],"tags":[240],"class_list":["post-2669","post","type-post","status-publish","format-standard","hentry","category-rassegna-stampa-esof","tag-il-piccolo"],"_links":{"self":[{"href":"https:\/\/fondazioneinternazionale.org\/it\/wp-json\/wp\/v2\/posts\/2669","targetHints":{"allow":["GET"]}}],"collection":[{"href":"https:\/\/fondazioneinternazionale.org\/it\/wp-json\/wp\/v2\/posts"}],"about":[{"href":"https:\/\/fondazioneinternazionale.org\/it\/wp-json\/wp\/v2\/types\/post"}],"author":[{"embeddable":true,"href":"https:\/\/fondazioneinternazionale.org\/it\/wp-json\/wp\/v2\/users\/1"}],"replies":[{"embeddable":true,"href":"https:\/\/fondazioneinternazionale.org\/it\/wp-json\/wp\/v2\/comments?post=2669"}],"version-history":[{"count":0,"href":"https:\/\/fondazioneinternazionale.org\/it\/wp-json\/wp\/v2\/posts\/2669\/revisions"}],"wp:attachment":[{"href":"https:\/\/fondazioneinternazionale.org\/it\/wp-json\/wp\/v2\/media?parent=2669"}],"wp:term":[{"taxonomy":"category","embeddable":true,"href":"https:\/\/fondazioneinternazionale.org\/it\/wp-json\/wp\/v2\/categories?post=2669"},{"taxonomy":"post_tag","embeddable":true,"href":"https:\/\/fondazioneinternazionale.org\/it\/wp-json\/wp\/v2\/tags?post=2669"}],"curies":[{"name":"wp","href":"https:\/\/api.w.org\/{rel}","templated":true}]}}