{"id":2721,"date":"2018-11-22T15:04:06","date_gmt":"2018-11-22T14:04:06","guid":{"rendered":"https:\/\/www.fondazioneinternazionale.org\/?p=2721"},"modified":"2018-11-22T15:04:06","modified_gmt":"2018-11-22T14:04:06","slug":"verso-esof2020-trieste-forum-sara-presentato-a-lubiana","status":"publish","type":"post","link":"https:\/\/fondazioneinternazionale.org\/it\/verso-esof2020-trieste-forum-sara-presentato-a-lubiana\/","title":{"rendered":"Verso ESOF2020 Trieste, forum sar\u00e0 presentato a Lubiana"},"content":{"rendered":"<p><strong>ANSA Nuova Europa<\/strong><\/p>\n<p>Dal 5 al 9 luglio 2020 Trieste ospiter\u00e0 l&#8217;EuroScience Open Forum (ESOF), che \u00e8 il pi\u00f9 grande meeting scientifico interdisciplinare in Europa. Uno degli obiettivi dell&#8217;edizione 2020 \u00e8 lo sviluppo di una costante e pi\u00f9 efficace collaborazione tra istituti di ricerca, imprese, decisori delle politiche e societ\u00e0 con sede nei Paesi dell&#8217;Europa centro-orientale.<\/p>\n<p><em><a href=\"http:\/\/www.ansa.it\/nuova_europa\/it\/notizie\/rubriche\/scienza\/2018\/11\/22\/verso-esof2020-trieste-forum-sara-presentato-a-lubiana_43f458cd-1b14-4e48-9a33-1850e5c4b77a.html\" rel=\"noopener\" target=\"_blank\">Leggi l&#8217;articolo<\/a><\/em><\/p>\n","protected":false},"excerpt":{"rendered":"<p>ANSA Nuova Europa Dal 5 al 9 luglio 2020 Trieste ospiter\u00e0 l&#8217;EuroScience Open Forum (ESOF), che \u00e8 il pi\u00f9 grande meeting scientifico interdisciplinare in Europa. Uno degli obiettivi dell&#8217;edizione 2020 \u00e8 lo sviluppo di una costante e pi\u00f9 efficace collaborazione tra istituti di ricerca, imprese, decisori delle politiche e societ\u00e0 con sede nei Paesi dell&#8217;Europa [&hellip;]<\/p>\n","protected":false},"author":1,"featured_media":0,"comment_status":"closed","ping_status":"closed","sticky":false,"template":"","format":"standard","meta":{"_et_pb_use_builder":"","_et_pb_old_content":"","_et_gb_content_width":"","footnotes":""},"categories":[15],"tags":[41,92,373],"class_list":["post-2721","post","type-post","status-publish","format-standard","hentry","category-rassegna-stampa-esof","tag-ansa-nuova-europa","tag-cee","tag-online"],"_links":{"self":[{"href":"https:\/\/fondazioneinternazionale.org\/it\/wp-json\/wp\/v2\/posts\/2721","targetHints":{"allow":["GET"]}}],"collection":[{"href":"https:\/\/fondazioneinternazionale.org\/it\/wp-json\/wp\/v2\/posts"}],"about":[{"href":"https:\/\/fondazioneinternazionale.org\/it\/wp-json\/wp\/v2\/types\/post"}],"author":[{"embeddable":true,"href":"https:\/\/fondazioneinternazionale.org\/it\/wp-json\/wp\/v2\/users\/1"}],"replies":[{"embeddable":true,"href":"https:\/\/fondazioneinternazionale.org\/it\/wp-json\/wp\/v2\/comments?post=2721"}],"version-history":[{"count":0,"href":"https:\/\/fondazioneinternazionale.org\/it\/wp-json\/wp\/v2\/posts\/2721\/revisions"}],"wp:attachment":[{"href":"https:\/\/fondazioneinternazionale.org\/it\/wp-json\/wp\/v2\/media?parent=2721"}],"wp:term":[{"taxonomy":"category","embeddable":true,"href":"https:\/\/fondazioneinternazionale.org\/it\/wp-json\/wp\/v2\/categories?post=2721"},{"taxonomy":"post_tag","embeddable":true,"href":"https:\/\/fondazioneinternazionale.org\/it\/wp-json\/wp\/v2\/tags?post=2721"}],"curies":[{"name":"wp","href":"https:\/\/api.w.org\/{rel}","templated":true}]}}