{"id":2755,"date":"2018-12-02T11:10:02","date_gmt":"2018-12-02T10:10:02","guid":{"rendered":"https:\/\/www.fondazioneinternazionale.org\/?p=2755"},"modified":"2018-12-02T11:10:02","modified_gmt":"2018-12-02T10:10:02","slug":"eccellenze-scientifiche","status":"publish","type":"post","link":"https:\/\/fondazioneinternazionale.org\/it\/eccellenze-scientifiche\/","title":{"rendered":"Eccellenze Scientifiche"},"content":{"rendered":"<p><strong>TGR Estovest &#8211; RAI Fvg<\/strong><\/p>\n<p>Il 2019 vedr\u00e0 impegnata la rete diplomatica del nostro Paese nella promozione di ESOF2020. La Farnesina ha sugellato un impegno gi\u00e0 garantito fin dalla vittoria della citt\u00e0 di Trieste.<\/p>\n<p><a href=\"https:\/\/www.rainews.it\/tgr\/rubriche\/estovest\/index.html?\/tgr\/video\/2018\/12\/ContentItem-9c6bddf1-c492-4d12-ab5d-87e2c0596603.html\" rel=\"noopener\" target=\"_blank\"><em>Guarda il servizo (dal min 10:23)<\/em><\/a><\/p>\n","protected":false},"excerpt":{"rendered":"<p>TGR Estovest &#8211; RAI Fvg Il 2019 vedr\u00e0 impegnata la rete diplomatica del nostro Paese nella promozione di ESOF2020. La Farnesina ha sugellato un impegno gi\u00e0 garantito fin dalla vittoria della citt\u00e0 di Trieste. Guarda il servizo (dal min 10:23)<\/p>\n","protected":false},"author":1,"featured_media":0,"comment_status":"closed","ping_status":"closed","sticky":false,"template":"","format":"standard","meta":{"_et_pb_use_builder":"","_et_pb_old_content":"","_et_gb_content_width":"","footnotes":""},"categories":[15],"tags":[153,487,505],"class_list":["post-2755","post","type-post","status-publish","format-standard","hentry","category-rassegna-stampa-esof","tag-estovest","tag-tgr-fvg","tag-tv"],"_links":{"self":[{"href":"https:\/\/fondazioneinternazionale.org\/it\/wp-json\/wp\/v2\/posts\/2755","targetHints":{"allow":["GET"]}}],"collection":[{"href":"https:\/\/fondazioneinternazionale.org\/it\/wp-json\/wp\/v2\/posts"}],"about":[{"href":"https:\/\/fondazioneinternazionale.org\/it\/wp-json\/wp\/v2\/types\/post"}],"author":[{"embeddable":true,"href":"https:\/\/fondazioneinternazionale.org\/it\/wp-json\/wp\/v2\/users\/1"}],"replies":[{"embeddable":true,"href":"https:\/\/fondazioneinternazionale.org\/it\/wp-json\/wp\/v2\/comments?post=2755"}],"version-history":[{"count":0,"href":"https:\/\/fondazioneinternazionale.org\/it\/wp-json\/wp\/v2\/posts\/2755\/revisions"}],"wp:attachment":[{"href":"https:\/\/fondazioneinternazionale.org\/it\/wp-json\/wp\/v2\/media?parent=2755"}],"wp:term":[{"taxonomy":"category","embeddable":true,"href":"https:\/\/fondazioneinternazionale.org\/it\/wp-json\/wp\/v2\/categories?post=2755"},{"taxonomy":"post_tag","embeddable":true,"href":"https:\/\/fondazioneinternazionale.org\/it\/wp-json\/wp\/v2\/tags?post=2755"}],"curies":[{"name":"wp","href":"https:\/\/api.w.org\/{rel}","templated":true}]}}