{"id":2760,"date":"2018-11-29T10:03:26","date_gmt":"2018-11-29T09:03:26","guid":{"rendered":"https:\/\/www.fondazioneinternazionale.org\/?p=2760"},"modified":"2018-11-29T10:03:26","modified_gmt":"2018-11-29T09:03:26","slug":"il-professor-bruno-della-vedova-ci-presenta-esof2020","status":"publish","type":"post","link":"https:\/\/fondazioneinternazionale.org\/it\/il-professor-bruno-della-vedova-ci-presenta-esof2020\/","title":{"rendered":"IL PROFESSOR BRUNO DELLA VEDOVA CI PRESENTA ESOF2020"},"content":{"rendered":"<p><strong>Calle degli orti grandi &#8211; Radio Capodistria<\/strong><\/p>\n<p>Il professor Bruno Della Vedova, scientific programme manager di ESOF2020, ci presenta l&#8217;Euro Science Open Forum, evento che si terr\u00e0 a Trieste in luglio del 2020. Il progetto \u00e8 stato presentato anche all&#8217;Istituto Jo\u017eef Stefan a Lubiana il 23 novembre 2018.<\/p>\n<p><a href=\"https:\/\/capodistria.rtvslo.si\/archivio\/calle-degli-orti-grandi\/174579920\" rel=\"noopener\" target=\"_blank\"><em>Ascolta la puntata<\/em><\/a><\/p>\n","protected":false},"excerpt":{"rendered":"<p>Calle degli orti grandi &#8211; Radio Capodistria Il professor Bruno Della Vedova, scientific programme manager di ESOF2020, ci presenta l&#8217;Euro Science Open Forum, evento che si terr\u00e0 a Trieste in luglio del 2020. Il progetto \u00e8 stato presentato anche all&#8217;Istituto Jo\u017eef Stefan a Lubiana il 23 novembre 2018. Ascolta la puntata<\/p>\n","protected":false},"author":1,"featured_media":0,"comment_status":"closed","ping_status":"closed","sticky":false,"template":"","format":"standard","meta":{"_et_pb_use_builder":"","_et_pb_old_content":"","_et_gb_content_width":"","footnotes":""},"categories":[15],"tags":[86,92,397,401],"class_list":["post-2760","post","type-post","status-publish","format-standard","hentry","category-rassegna-stampa-esof","tag-calle-degli-orti-grandi","tag-cee","tag-radio","tag-radio-capodistria"],"_links":{"self":[{"href":"https:\/\/fondazioneinternazionale.org\/it\/wp-json\/wp\/v2\/posts\/2760","targetHints":{"allow":["GET"]}}],"collection":[{"href":"https:\/\/fondazioneinternazionale.org\/it\/wp-json\/wp\/v2\/posts"}],"about":[{"href":"https:\/\/fondazioneinternazionale.org\/it\/wp-json\/wp\/v2\/types\/post"}],"author":[{"embeddable":true,"href":"https:\/\/fondazioneinternazionale.org\/it\/wp-json\/wp\/v2\/users\/1"}],"replies":[{"embeddable":true,"href":"https:\/\/fondazioneinternazionale.org\/it\/wp-json\/wp\/v2\/comments?post=2760"}],"version-history":[{"count":0,"href":"https:\/\/fondazioneinternazionale.org\/it\/wp-json\/wp\/v2\/posts\/2760\/revisions"}],"wp:attachment":[{"href":"https:\/\/fondazioneinternazionale.org\/it\/wp-json\/wp\/v2\/media?parent=2760"}],"wp:term":[{"taxonomy":"category","embeddable":true,"href":"https:\/\/fondazioneinternazionale.org\/it\/wp-json\/wp\/v2\/categories?post=2760"},{"taxonomy":"post_tag","embeddable":true,"href":"https:\/\/fondazioneinternazionale.org\/it\/wp-json\/wp\/v2\/tags?post=2760"}],"curies":[{"name":"wp","href":"https:\/\/api.w.org\/{rel}","templated":true}]}}