{"id":2771,"date":"2018-11-12T13:26:52","date_gmt":"2018-11-12T12:26:52","guid":{"rendered":"https:\/\/www.fondazioneinternazionale.org\/?p=2771"},"modified":"2018-11-12T13:26:52","modified_gmt":"2018-11-12T12:26:52","slug":"ricerca-esof2020-si-presenta-a-evento-innovazione-a-lubiana-2","status":"publish","type":"post","link":"https:\/\/fondazioneinternazionale.org\/it\/ricerca-esof2020-si-presenta-a-evento-innovazione-a-lubiana-2\/","title":{"rendered":"Ricerca: ESOF2020 si presenta a evento innovazione a Lubiana"},"content":{"rendered":"<p><strong>Ansa Nuova Europa<\/strong><\/p>\n<p>ESOF 2020, la pi\u00f9 rilevante manifestazione europea sul dibattito tra scienza, tecnologia, societ\u00e0 e politica (Trieste, luglio 2020), sar\u00e0 presentata a Lubiana nell&#8217;ambito di &#8220;Start-ups and Technology Transfer in Innovation Ecosystem in South-East Europe and the Alpine Regions&#8221;, in programma il 15-16 novembre al Technology Park Ljubljana.<\/p>\n<p><a href=\"http:\/\/www.ansa.it\/nuova_europa\/it\/notizie\/rubriche\/scienza\/2018\/11\/12\/ricerca-esof2020-si-presenta-a-evento-innovazione-a-lubiana_197dcdea-eaed-4853-9299-c641cc82772e.html\" rel=\"noopener\" target=\"_blank\"><em>Leggi l&#8217;articolo<\/em><\/a><\/p>\n","protected":false},"excerpt":{"rendered":"<p>Ansa Nuova Europa ESOF 2020, la pi\u00f9 rilevante manifestazione europea sul dibattito tra scienza, tecnologia, societ\u00e0 e politica (Trieste, luglio 2020), sar\u00e0 presentata a Lubiana nell&#8217;ambito di &#8220;Start-ups and Technology Transfer in Innovation Ecosystem in South-East Europe and the Alpine Regions&#8221;, in programma il 15-16 novembre al Technology Park Ljubljana. Leggi l&#8217;articolo<\/p>\n","protected":false},"author":1,"featured_media":0,"comment_status":"closed","ping_status":"closed","sticky":false,"template":"","format":"standard","meta":{"_et_pb_use_builder":"","_et_pb_old_content":"","_et_gb_content_width":"","footnotes":""},"categories":[15],"tags":[41,92,373],"class_list":["post-2771","post","type-post","status-publish","format-standard","hentry","category-rassegna-stampa-esof","tag-ansa-nuova-europa","tag-cee","tag-online"],"_links":{"self":[{"href":"https:\/\/fondazioneinternazionale.org\/it\/wp-json\/wp\/v2\/posts\/2771","targetHints":{"allow":["GET"]}}],"collection":[{"href":"https:\/\/fondazioneinternazionale.org\/it\/wp-json\/wp\/v2\/posts"}],"about":[{"href":"https:\/\/fondazioneinternazionale.org\/it\/wp-json\/wp\/v2\/types\/post"}],"author":[{"embeddable":true,"href":"https:\/\/fondazioneinternazionale.org\/it\/wp-json\/wp\/v2\/users\/1"}],"replies":[{"embeddable":true,"href":"https:\/\/fondazioneinternazionale.org\/it\/wp-json\/wp\/v2\/comments?post=2771"}],"version-history":[{"count":0,"href":"https:\/\/fondazioneinternazionale.org\/it\/wp-json\/wp\/v2\/posts\/2771\/revisions"}],"wp:attachment":[{"href":"https:\/\/fondazioneinternazionale.org\/it\/wp-json\/wp\/v2\/media?parent=2771"}],"wp:term":[{"taxonomy":"category","embeddable":true,"href":"https:\/\/fondazioneinternazionale.org\/it\/wp-json\/wp\/v2\/categories?post=2771"},{"taxonomy":"post_tag","embeddable":true,"href":"https:\/\/fondazioneinternazionale.org\/it\/wp-json\/wp\/v2\/tags?post=2771"}],"curies":[{"name":"wp","href":"https:\/\/api.w.org\/{rel}","templated":true}]}}