{"id":2787,"date":"2018-12-04T10:59:58","date_gmt":"2018-12-04T09:59:58","guid":{"rendered":"https:\/\/www.fondazioneinternazionale.org\/?p=2787"},"modified":"2018-12-04T10:59:58","modified_gmt":"2018-12-04T09:59:58","slug":"eccellenze-scientifiche-2","status":"publish","type":"post","link":"https:\/\/fondazioneinternazionale.org\/it\/eccellenze-scientifiche-2\/","title":{"rendered":"Eccellenze scientifiche"},"content":{"rendered":"<p><strong>Rainews.it<\/strong><\/p>\n<p>Nel 2020 Trieste sar\u00e0 la capitale europea della scienza e della tecnologia. ESOF si rivolger\u00e0 soprattutto ai paesi dell&#8217;est con i quali l&#8217;Italia sta gi\u00e0 collaborando. L&#8217;iniziativa \u00e8 appoggiata dal Ministero degli esteri.<\/p>\n<p><a href=\"https:\/\/www.rainews.it\/tgr\/fvg\/video\/2018\/12\/fvg-ESOF-Farnesina-Trieste-scienza-caabf0be-fb38-46b1-a75e-44a9f66bdb6e.html\" rel=\"noopener\" target=\"_blank\"><em>Guarda il servizio<\/em><\/a><\/p>\n","protected":false},"excerpt":{"rendered":"<p>Rainews.it Nel 2020 Trieste sar\u00e0 la capitale europea della scienza e della tecnologia. ESOF si rivolger\u00e0 soprattutto ai paesi dell&#8217;est con i quali l&#8217;Italia sta gi\u00e0 collaborando. L&#8217;iniziativa \u00e8 appoggiata dal Ministero degli esteri. Guarda il servizio<\/p>\n","protected":false},"author":1,"featured_media":0,"comment_status":"closed","ping_status":"closed","sticky":false,"template":"","format":"standard","meta":{"_et_pb_use_builder":"","_et_pb_old_content":"","_et_gb_content_width":"","footnotes":""},"categories":[15],"tags":[373,418,505],"class_list":["post-2787","post","type-post","status-publish","format-standard","hentry","category-rassegna-stampa-esof","tag-online","tag-rainews-it","tag-tv"],"_links":{"self":[{"href":"https:\/\/fondazioneinternazionale.org\/it\/wp-json\/wp\/v2\/posts\/2787","targetHints":{"allow":["GET"]}}],"collection":[{"href":"https:\/\/fondazioneinternazionale.org\/it\/wp-json\/wp\/v2\/posts"}],"about":[{"href":"https:\/\/fondazioneinternazionale.org\/it\/wp-json\/wp\/v2\/types\/post"}],"author":[{"embeddable":true,"href":"https:\/\/fondazioneinternazionale.org\/it\/wp-json\/wp\/v2\/users\/1"}],"replies":[{"embeddable":true,"href":"https:\/\/fondazioneinternazionale.org\/it\/wp-json\/wp\/v2\/comments?post=2787"}],"version-history":[{"count":0,"href":"https:\/\/fondazioneinternazionale.org\/it\/wp-json\/wp\/v2\/posts\/2787\/revisions"}],"wp:attachment":[{"href":"https:\/\/fondazioneinternazionale.org\/it\/wp-json\/wp\/v2\/media?parent=2787"}],"wp:term":[{"taxonomy":"category","embeddable":true,"href":"https:\/\/fondazioneinternazionale.org\/it\/wp-json\/wp\/v2\/categories?post=2787"},{"taxonomy":"post_tag","embeddable":true,"href":"https:\/\/fondazioneinternazionale.org\/it\/wp-json\/wp\/v2\/tags?post=2787"}],"curies":[{"name":"wp","href":"https:\/\/api.w.org\/{rel}","templated":true}]}}