{"id":2862,"date":"2018-12-21T10:13:24","date_gmt":"2018-12-21T09:13:24","guid":{"rendered":"https:\/\/www.fondazioneinternazionale.org\/?p=2862"},"modified":"2018-12-21T10:13:24","modified_gmt":"2018-12-21T09:13:24","slug":"parte-la-corsa-contro-il-tempo-per-il-nuovo-centro-congressi","status":"publish","type":"post","link":"https:\/\/fondazioneinternazionale.org\/it\/parte-la-corsa-contro-il-tempo-per-il-nuovo-centro-congressi\/","title":{"rendered":"Parte la corsa contro il tempo per il nuovo Centro congressi"},"content":{"rendered":"<p><strong>Il Piccolo<\/strong><\/p>\n<p>Dipiazza consegna le chiavi dei Magazzini 27-28 al presidente di Tcc Bravar Nella compagine della societ\u00e0 \u00e8 entrata Generali e far\u00e0 il suo ingresso la Illy.<\/p>\n<p><em>In edicola<\/em><\/p>\n","protected":false},"excerpt":{"rendered":"<p>Il Piccolo Dipiazza consegna le chiavi dei Magazzini 27-28 al presidente di Tcc Bravar Nella compagine della societ\u00e0 \u00e8 entrata Generali e far\u00e0 il suo ingresso la Illy. In edicola<\/p>\n","protected":false},"author":1,"featured_media":0,"comment_status":"closed","ping_status":"closed","sticky":false,"template":"","format":"standard","meta":{"_et_pb_use_builder":"","_et_pb_old_content":"","_et_gb_content_width":"","footnotes":""},"categories":[15],"tags":[240],"class_list":["post-2862","post","type-post","status-publish","format-standard","hentry","category-rassegna-stampa-esof","tag-il-piccolo"],"_links":{"self":[{"href":"https:\/\/fondazioneinternazionale.org\/it\/wp-json\/wp\/v2\/posts\/2862","targetHints":{"allow":["GET"]}}],"collection":[{"href":"https:\/\/fondazioneinternazionale.org\/it\/wp-json\/wp\/v2\/posts"}],"about":[{"href":"https:\/\/fondazioneinternazionale.org\/it\/wp-json\/wp\/v2\/types\/post"}],"author":[{"embeddable":true,"href":"https:\/\/fondazioneinternazionale.org\/it\/wp-json\/wp\/v2\/users\/1"}],"replies":[{"embeddable":true,"href":"https:\/\/fondazioneinternazionale.org\/it\/wp-json\/wp\/v2\/comments?post=2862"}],"version-history":[{"count":0,"href":"https:\/\/fondazioneinternazionale.org\/it\/wp-json\/wp\/v2\/posts\/2862\/revisions"}],"wp:attachment":[{"href":"https:\/\/fondazioneinternazionale.org\/it\/wp-json\/wp\/v2\/media?parent=2862"}],"wp:term":[{"taxonomy":"category","embeddable":true,"href":"https:\/\/fondazioneinternazionale.org\/it\/wp-json\/wp\/v2\/categories?post=2862"},{"taxonomy":"post_tag","embeddable":true,"href":"https:\/\/fondazioneinternazionale.org\/it\/wp-json\/wp\/v2\/tags?post=2862"}],"curies":[{"name":"wp","href":"https:\/\/api.w.org\/{rel}","templated":true}]}}