{"id":4526,"date":"2020-02-11T15:37:23","date_gmt":"2020-02-11T14:37:23","guid":{"rendered":"http:\/\/www.fondazioneinternazionale.org\/?p=4526"},"modified":"2020-02-11T15:37:23","modified_gmt":"2020-02-11T14:37:23","slug":"piu-scienziate-piu-sviluppo","status":"publish","type":"post","link":"https:\/\/fondazioneinternazionale.org\/it\/piu-scienziate-piu-sviluppo\/","title":{"rendered":"Pi\u00f9 scienziate pi\u00f9 sviluppo"},"content":{"rendered":"<p><strong>Huffington Post<\/strong><\/p>\n<p>Owsd nell&#8217;ottobre del 2020 terr\u00e0 la sua sesta Assemblea Generale a Trieste (\u00e8 la prima volta al di fuori del Sud) per una molteplicit\u00e0 di ragioni: perch\u00e9 questa splendida localit\u00e0 \u00e8 per il 2020 la Citt\u00e0 Europea della Scienza e perch\u00e9 ospita l&#8217;EuroScience Open Forum (Esof).<\/p>\n<p><a href=\"https:\/\/www.huffingtonpost.it\/entry\/piu-scienziate-piu-progresso_it_5e425711c5b6b70887068baf\" rel=\"noopener noreferrer\" target=\"_blank\"><em>Leggi l&#8217;articolo<\/em><\/a><\/p>\n","protected":false},"excerpt":{"rendered":"<p>Huffington Post Owsd nell&#8217;ottobre del 2020 terr\u00e0 la sua sesta Assemblea Generale a Trieste (\u00e8 la prima volta al di fuori del Sud) per una molteplicit\u00e0 di ragioni: perch\u00e9 questa splendida localit\u00e0 \u00e8 per il 2020 la Citt\u00e0 Europea della Scienza e perch\u00e9 ospita l&#8217;EuroScience Open Forum (Esof). Leggi l&#8217;articolo<\/p>\n","protected":false},"author":1,"featured_media":0,"comment_status":"closed","ping_status":"closed","sticky":false,"template":"","format":"standard","meta":{"_et_pb_use_builder":"","_et_pb_old_content":"","_et_gb_content_width":"","footnotes":""},"categories":[15],"tags":[199,349,373],"class_list":["post-4526","post","type-post","status-publish","format-standard","hentry","category-rassegna-stampa-esof","tag-huffington-post","tag-nazionale","tag-online"],"_links":{"self":[{"href":"https:\/\/fondazioneinternazionale.org\/it\/wp-json\/wp\/v2\/posts\/4526","targetHints":{"allow":["GET"]}}],"collection":[{"href":"https:\/\/fondazioneinternazionale.org\/it\/wp-json\/wp\/v2\/posts"}],"about":[{"href":"https:\/\/fondazioneinternazionale.org\/it\/wp-json\/wp\/v2\/types\/post"}],"author":[{"embeddable":true,"href":"https:\/\/fondazioneinternazionale.org\/it\/wp-json\/wp\/v2\/users\/1"}],"replies":[{"embeddable":true,"href":"https:\/\/fondazioneinternazionale.org\/it\/wp-json\/wp\/v2\/comments?post=4526"}],"version-history":[{"count":0,"href":"https:\/\/fondazioneinternazionale.org\/it\/wp-json\/wp\/v2\/posts\/4526\/revisions"}],"wp:attachment":[{"href":"https:\/\/fondazioneinternazionale.org\/it\/wp-json\/wp\/v2\/media?parent=4526"}],"wp:term":[{"taxonomy":"category","embeddable":true,"href":"https:\/\/fondazioneinternazionale.org\/it\/wp-json\/wp\/v2\/categories?post=4526"},{"taxonomy":"post_tag","embeddable":true,"href":"https:\/\/fondazioneinternazionale.org\/it\/wp-json\/wp\/v2\/tags?post=4526"}],"curies":[{"name":"wp","href":"https:\/\/api.w.org\/{rel}","templated":true}]}}