{"id":4539,"date":"2020-02-11T16:07:06","date_gmt":"2020-02-11T15:07:06","guid":{"rendered":"http:\/\/www.fondazioneinternazionale.org\/?p=4539"},"modified":"2020-02-11T16:07:06","modified_gmt":"2020-02-11T15:07:06","slug":"esof-2020-avra-una-narrazione-di-sostenibilita","status":"publish","type":"post","link":"https:\/\/fondazioneinternazionale.org\/it\/esof-2020-avra-una-narrazione-di-sostenibilita\/","title":{"rendered":"Esof2020 avr\u00e0 una narrazione di sostenibilit\u00e0"},"content":{"rendered":"<p><strong>Latina oggi<\/strong><\/p>\n<p>Giunto &#8220;il numero pi\u00fa alto di proposte mai ricevute da Esof per partecipare alla manifestazione&#8221;. Fantoni: &#8220;Si sa che Trieste \u00e8 un centro del sapere ma dobbiamo dimostrare che Trieste \u00e8 un centro del saper fare.<\/p>\n<p><a href=\"https:\/\/www.ogginotizie.it\/esof-2020-avra-una-narrazione-di-sostenibilita\/\" rel=\"noopener noreferrer\" target=\"_blank\"><em>Leggi l&#8217;articolo<\/em><\/a><\/p>\n","protected":false},"excerpt":{"rendered":"<p>Latina oggi Giunto &#8220;il numero pi\u00fa alto di proposte mai ricevute da Esof per partecipare alla manifestazione&#8221;. Fantoni: &#8220;Si sa che Trieste \u00e8 un centro del sapere ma dobbiamo dimostrare che Trieste \u00e8 un centro del saper fare. Leggi l&#8217;articolo<\/p>\n","protected":false},"author":1,"featured_media":0,"comment_status":"closed","ping_status":"closed","sticky":false,"template":"","format":"standard","meta":{"_et_pb_use_builder":"","_et_pb_old_content":"","_et_gb_content_width":"","footnotes":""},"categories":[15],"tags":[304,373],"class_list":["post-4539","post","type-post","status-publish","format-standard","hentry","category-rassegna-stampa-esof","tag-latina-oggi","tag-online"],"_links":{"self":[{"href":"https:\/\/fondazioneinternazionale.org\/it\/wp-json\/wp\/v2\/posts\/4539","targetHints":{"allow":["GET"]}}],"collection":[{"href":"https:\/\/fondazioneinternazionale.org\/it\/wp-json\/wp\/v2\/posts"}],"about":[{"href":"https:\/\/fondazioneinternazionale.org\/it\/wp-json\/wp\/v2\/types\/post"}],"author":[{"embeddable":true,"href":"https:\/\/fondazioneinternazionale.org\/it\/wp-json\/wp\/v2\/users\/1"}],"replies":[{"embeddable":true,"href":"https:\/\/fondazioneinternazionale.org\/it\/wp-json\/wp\/v2\/comments?post=4539"}],"version-history":[{"count":0,"href":"https:\/\/fondazioneinternazionale.org\/it\/wp-json\/wp\/v2\/posts\/4539\/revisions"}],"wp:attachment":[{"href":"https:\/\/fondazioneinternazionale.org\/it\/wp-json\/wp\/v2\/media?parent=4539"}],"wp:term":[{"taxonomy":"category","embeddable":true,"href":"https:\/\/fondazioneinternazionale.org\/it\/wp-json\/wp\/v2\/categories?post=4539"},{"taxonomy":"post_tag","embeddable":true,"href":"https:\/\/fondazioneinternazionale.org\/it\/wp-json\/wp\/v2\/tags?post=4539"}],"curies":[{"name":"wp","href":"https:\/\/api.w.org\/{rel}","templated":true}]}}