{"id":4798,"date":"2020-04-10T17:27:15","date_gmt":"2020-04-10T15:27:15","guid":{"rendered":"https:\/\/www.fondazioneinternazionale.org\/?p=4798"},"modified":"2020-04-10T17:27:15","modified_gmt":"2020-04-10T15:27:15","slug":"manager-in-tempi-di-emergenza-luigi-candida","status":"publish","type":"post","link":"https:\/\/fondazioneinternazionale.org\/it\/manager-in-tempi-di-emergenza-luigi-candida\/","title":{"rendered":"Manager in tempi di emergenza: Luigi Candida"},"content":{"rendered":"<p><strong>manageritalia.it<\/strong><\/p>\n<p>Il nuovo\u00a0<span class=\"hiterm\">Esof2020<\/span>\u00a0avr\u00e0 una maggiore attenzione ai temi della crisi che stiamo attraversando e un&#8217;organizzazione che massimizzer\u00e0 l&#8217;accessibilit\u00e0 all&#8217;evento.<\/p>\n<p><a href=\"https:\/\/www.manageritalia.it\/it\/management\/storyliving-manageritalia-candida\" target=\"_blank\" rel=\"noopener noreferrer\"><em>Leggi l&#8217;articolo<\/em><\/a><\/p>\n","protected":false},"excerpt":{"rendered":"<p>manageritalia.it Il nuovo\u00a0Esof2020\u00a0avr\u00e0 una maggiore attenzione ai temi della crisi che stiamo attraversando e un&#8217;organizzazione che massimizzer\u00e0 l&#8217;accessibilit\u00e0 all&#8217;evento. Leggi l&#8217;articolo<\/p>\n","protected":false},"author":1,"featured_media":0,"comment_status":"closed","ping_status":"closed","sticky":false,"template":"","format":"standard","meta":{"_et_pb_use_builder":"","_et_pb_old_content":"","_et_gb_content_width":"","footnotes":""},"categories":[15],"tags":[373],"class_list":["post-4798","post","type-post","status-publish","format-standard","hentry","category-rassegna-stampa-esof","tag-online"],"_links":{"self":[{"href":"https:\/\/fondazioneinternazionale.org\/it\/wp-json\/wp\/v2\/posts\/4798","targetHints":{"allow":["GET"]}}],"collection":[{"href":"https:\/\/fondazioneinternazionale.org\/it\/wp-json\/wp\/v2\/posts"}],"about":[{"href":"https:\/\/fondazioneinternazionale.org\/it\/wp-json\/wp\/v2\/types\/post"}],"author":[{"embeddable":true,"href":"https:\/\/fondazioneinternazionale.org\/it\/wp-json\/wp\/v2\/users\/1"}],"replies":[{"embeddable":true,"href":"https:\/\/fondazioneinternazionale.org\/it\/wp-json\/wp\/v2\/comments?post=4798"}],"version-history":[{"count":0,"href":"https:\/\/fondazioneinternazionale.org\/it\/wp-json\/wp\/v2\/posts\/4798\/revisions"}],"wp:attachment":[{"href":"https:\/\/fondazioneinternazionale.org\/it\/wp-json\/wp\/v2\/media?parent=4798"}],"wp:term":[{"taxonomy":"category","embeddable":true,"href":"https:\/\/fondazioneinternazionale.org\/it\/wp-json\/wp\/v2\/categories?post=4798"},{"taxonomy":"post_tag","embeddable":true,"href":"https:\/\/fondazioneinternazionale.org\/it\/wp-json\/wp\/v2\/tags?post=4798"}],"curies":[{"name":"wp","href":"https:\/\/api.w.org\/{rel}","templated":true}]}}