{"id":4841,"date":"2020-02-28T15:35:42","date_gmt":"2020-02-28T14:35:42","guid":{"rendered":"https:\/\/www.fondazioneinternazionale.org\/?p=4841"},"modified":"2020-02-28T15:35:42","modified_gmt":"2020-02-28T14:35:42","slug":"mitteleuropean-race-e-mitrace-tour-cup-sono-aperte-le-iscrizioni","status":"publish","type":"post","link":"https:\/\/fondazioneinternazionale.org\/it\/mitteleuropean-race-e-mitrace-tour-cup-sono-aperte-le-iscrizioni\/","title":{"rendered":"Mitteleuropean Race e Mitrace Tour Cup: sono aperte le iscrizioni"},"content":{"rendered":"<p><strong>Trieste Prima<\/strong><\/p>\n<p>-sar\u00e0 la prova speciale Coppa Trieste Citt\u00e0 della Scienza del 31 maggio che porter\u00e0 i partecipanti a scoprire alcuni luoghi di\u00a0<span class=\"hiterm\">ESOF<\/span>\u00a0(Euroscience Open Forum) 2020 che dal 5 a 9 luglio trasformeranno il capoluogo regionale in capitale europea della scienza.<\/p>\n<p><a href=\"http:\/\/www.triesteprima.it\/eventi\/mitteleuropean-race-e-mitrace-tour-cup-sono-aperte-le-iscrizioni-7201024.html\" target=\"_blank\" rel=\"noopener noreferrer\"><em>Leggi l&#8217;articolo<\/em><\/a><\/p>\n","protected":false},"excerpt":{"rendered":"<p>Trieste Prima -sar\u00e0 la prova speciale Coppa Trieste Citt\u00e0 della Scienza del 31 maggio che porter\u00e0 i partecipanti a scoprire alcuni luoghi di\u00a0ESOF\u00a0(Euroscience Open Forum) 2020 che dal 5 a 9 luglio trasformeranno il capoluogo regionale in capitale europea della scienza. Leggi l&#8217;articolo<\/p>\n","protected":false},"author":1,"featured_media":0,"comment_status":"closed","ping_status":"closed","sticky":false,"template":"","format":"standard","meta":{"_et_pb_use_builder":"","_et_pb_old_content":"","_et_gb_content_width":"","footnotes":""},"categories":[15],"tags":[373,500],"class_list":["post-4841","post","type-post","status-publish","format-standard","hentry","category-rassegna-stampa-esof","tag-online","tag-trieste-prima"],"_links":{"self":[{"href":"https:\/\/fondazioneinternazionale.org\/it\/wp-json\/wp\/v2\/posts\/4841","targetHints":{"allow":["GET"]}}],"collection":[{"href":"https:\/\/fondazioneinternazionale.org\/it\/wp-json\/wp\/v2\/posts"}],"about":[{"href":"https:\/\/fondazioneinternazionale.org\/it\/wp-json\/wp\/v2\/types\/post"}],"author":[{"embeddable":true,"href":"https:\/\/fondazioneinternazionale.org\/it\/wp-json\/wp\/v2\/users\/1"}],"replies":[{"embeddable":true,"href":"https:\/\/fondazioneinternazionale.org\/it\/wp-json\/wp\/v2\/comments?post=4841"}],"version-history":[{"count":0,"href":"https:\/\/fondazioneinternazionale.org\/it\/wp-json\/wp\/v2\/posts\/4841\/revisions"}],"wp:attachment":[{"href":"https:\/\/fondazioneinternazionale.org\/it\/wp-json\/wp\/v2\/media?parent=4841"}],"wp:term":[{"taxonomy":"category","embeddable":true,"href":"https:\/\/fondazioneinternazionale.org\/it\/wp-json\/wp\/v2\/categories?post=4841"},{"taxonomy":"post_tag","embeddable":true,"href":"https:\/\/fondazioneinternazionale.org\/it\/wp-json\/wp\/v2\/tags?post=4841"}],"curies":[{"name":"wp","href":"https:\/\/api.w.org\/{rel}","templated":true}]}}