{"id":588,"date":"2010-11-26T20:04:17","date_gmt":"2010-11-26T19:04:17","guid":{"rendered":"http:\/\/www.fondazioneinternazionale.org\/?p=588"},"modified":"2023-09-14T15:53:32","modified_gmt":"2023-09-14T13:53:32","slug":"le-biomasse","status":"publish","type":"post","link":"https:\/\/fondazioneinternazionale.org\/it\/le-biomasse\/","title":{"rendered":"Le biomasse"},"content":{"rendered":"<p>[et_pb_section bb_built=&#8221;1&#8243; admin_label=&#8221;section&#8221;][et_pb_row admin_label=&#8221;row&#8221; background_position=&#8221;top_left&#8221; background_repeat=&#8221;repeat&#8221; background_size=&#8221;initial&#8221;][et_pb_column type=&#8221;1_2&#8243;][et_pb_text background_layout=&#8221;light&#8221; text_orientation=&#8221;justified&#8221; use_border_color=&#8221;off&#8221; border_color=&#8221;#ffffff&#8221; border_style=&#8221;solid&#8221; background_position=&#8221;top_left&#8221; background_repeat=&#8221;repeat&#8221; background_size=&#8221;initial&#8221;]<\/p>\n<p><strong>Venerd\u00ec 26 novembre 2010 &#8211; Camera di Commercio di Trieste<\/strong><\/p>\n<p>\u00c8 iniziata con Le Biomasse la serie degli incontri tematici della Fondazione Internazionale Trieste nell&#8217;ambito del progetto Le filiere dell&#8217;energia.<\/p>\n<p>Questa linea di ricerca e di produzione energetica sta assumendo sempre maggior interesse nel nostro territorio, come \u00e8 emerso da numerose testimonianze raccolte nel Friuli Venezia Giulia. Abbiamo affrontato questo tema in tutta la sua generalit\u00e0, con l&#8217;intento di affinare I nostri obiettivi e mettere a fuoco i progetti atttualmente in via di siluppo e quelli che realisticamente potrebbero essere affrontati e che la Fondazione potrebbe aiutare a sviluppare. Il format dell&#8217;incontro \u00e8 stato quello tipico di un workshop. I partecipanti coordinati da due conveener hanno dibattuto su temi riguardanti la produzione di energia da biomasse, derivati dall&#8217;utilizzo di rifiuti urbani o da scarti di lavorazioni industriali od agricole. A conclusione dell&#8217;incontro di lavoro i conveneer hanno presentato alle autorit\u00e0 e al pubblico generico ci\u00f2 che di rilevante \u00e8 emerso dal dibattito.<\/p>\n<p>Il convegno si \u00e8 avvalso della collaborazione di Universit\u00e0 di Trieste, Universit\u00e0 di Udine, Universit\u00e0 di Bologna, Sissa, Ceta, Icgeb, Inogs, Area di Ricerca, Friuli Innovazione, Enea, Infn, Acegas-Apt, con il patrocinio di Regione, Provincia e Comune ed il contributo della CCIAA e del Consorzio per la Fisica.<\/p>\n<p>[\/et_pb_text][\/et_pb_column][et_pb_column type=&#8221;1_2&#8243;][et_pb_image src=&#8221;https:\/\/www.fondazioneinternazionale.org\/wp-content\/uploads\/2016\/02\/locandina3Big.png&#8221; alt=&#8221;Le biomasse&#8221; title_text=&#8221;Le biomasse&#8221; show_in_lightbox=&#8221;off&#8221; url_new_window=&#8221;off&#8221; use_overlay=&#8221;off&#8221; animation=&#8221;off&#8221; sticky=&#8221;off&#8221; align=&#8221;center&#8221; force_fullwidth=&#8221;off&#8221; always_center_on_mobile=&#8221;on&#8221; use_border_color=&#8221;off&#8221; border_color=&#8221;#ffffff&#8221; border_style=&#8221;solid&#8221; show_bottom_space=&#8221;on&#8221; _builder_version=&#8221;3.0.89&#8243; \/][et_pb_text admin_label=&#8221;Locandina&#8221; background_layout=&#8221;light&#8221; use_border_color=&#8221;off&#8221; border_color=&#8221;#ffffff&#8221; border_style=&#8221;solid&#8221; background_position=&#8221;top_left&#8221; background_repeat=&#8221;repeat&#8221; background_size=&#8221;initial&#8221; _builder_version=&#8221;3.0.89&#8243;]<\/p>\n<p><a href=\"https:\/\/www.fondazioneinternazionale.org\/wp-content\/uploads\/2016\/02\/energia_Le_Biomasse.pdf\" rel=\"\">La locandina in pdf<\/a><\/p>\n<p>[\/et_pb_text][et_pb_text admin_label=&#8221;atti&#8221; background_layout=&#8221;light&#8221; use_border_color=&#8221;off&#8221; border_color=&#8221;#ffffff&#8221; border_style=&#8221;solid&#8221; background_position=&#8221;top_left&#8221; background_repeat=&#8221;repeat&#8221; background_size=&#8221;initial&#8221; _builder_version=&#8221;3.0.89&#8243;]<\/p>\n<h3>Gli atti<\/h3>\n<ul>\n<li><a href=\"https:\/\/www.fondazioneinternazionale.org\/wp-content\/uploads\/2010\/11\/D.Picco_.ppt\" rel=\"\">D.Picco<\/a><\/li>\n<li><a href=\"https:\/\/www.fondazioneinternazionale.org\/wp-content\/uploads\/2010\/11\/G.Braccio.ppt\" rel=\"\">G.Braccio<\/a><\/li>\n<li><a href=\"https:\/\/www.fondazioneinternazionale.org\/wp-content\/uploads\/2010\/11\/G.Nardin.ppt\" rel=\"\">G.Nardin<\/a><\/li>\n<li><a href=\"https:\/\/www.fondazioneinternazionale.org\/wp-content\/uploads\/2010\/11\/G.Venturi.ppt\" rel=\"\">G.Venturi<\/a><\/li>\n<li><a href=\"https:\/\/www.fondazioneinternazionale.org\/wp-content\/uploads\/2010\/11\/M.Cabrini.ppt\" rel=\"\">M.Cabrini<\/a><\/li>\n<li><a href=\"https:\/\/www.fondazioneinternazionale.org\/wp-content\/uploads\/2010\/11\/M.Fermelia.pptx\" rel=\"\">M.Fermelia<\/a><\/li>\n<li><a href=\"https:\/\/www.fondazioneinternazionale.org\/wp-content\/uploads\/2010\/11\/M.Morgante.pptx\" rel=\"\">M.Morgante<\/a><\/li>\n<li><a href=\"https:\/\/www.fondazioneinternazionale.org\/wp-content\/uploads\/2010\/11\/P.Fornasiero.ppt\" rel=\"\">P.Fornasiero<\/a><\/li>\n<li><a href=\"https:\/\/www.fondazioneinternazionale.org\/wp-content\/uploads\/2010\/11\/R.Taccani.ppt\" rel=\"\">R.Taccani<\/a><\/li>\n<li><a href=\"https:\/\/www.fondazioneinternazionale.org\/wp-content\/uploads\/2010\/11\/R.Taccani.ppt\" rel=\"\">R.Taccani<\/a><\/li>\n<li><a href=\"https:\/\/www.fondazioneinternazionale.org\/wp-content\/uploads\/2010\/11\/A.Paoletti.doc\" rel=\"\">A.Paoletti<\/a><\/li>\n<\/ul>\n<p>[\/et_pb_text][\/et_pb_column][\/et_pb_row][\/et_pb_section]<\/p>\n","protected":false},"excerpt":{"rendered":"<p>Convegno, 26 novembre 2010<\/p>\n","protected":false},"author":1,"featured_media":589,"comment_status":"closed","ping_status":"closed","sticky":false,"template":"","format":"standard","meta":{"_et_pb_use_builder":"on","_et_pb_old_content":"","_et_gb_content_width":"","footnotes":""},"categories":[12],"tags":[],"class_list":["post-588","post","type-post","status-publish","format-standard","has-post-thumbnail","hentry","category-eventi"],"_links":{"self":[{"href":"https:\/\/fondazioneinternazionale.org\/it\/wp-json\/wp\/v2\/posts\/588","targetHints":{"allow":["GET"]}}],"collection":[{"href":"https:\/\/fondazioneinternazionale.org\/it\/wp-json\/wp\/v2\/posts"}],"about":[{"href":"https:\/\/fondazioneinternazionale.org\/it\/wp-json\/wp\/v2\/types\/post"}],"author":[{"embeddable":true,"href":"https:\/\/fondazioneinternazionale.org\/it\/wp-json\/wp\/v2\/users\/1"}],"replies":[{"embeddable":true,"href":"https:\/\/fondazioneinternazionale.org\/it\/wp-json\/wp\/v2\/comments?post=588"}],"version-history":[{"count":1,"href":"https:\/\/fondazioneinternazionale.org\/it\/wp-json\/wp\/v2\/posts\/588\/revisions"}],"predecessor-version":[{"id":252218,"href":"https:\/\/fondazioneinternazionale.org\/it\/wp-json\/wp\/v2\/posts\/588\/revisions\/252218"}],"wp:featuredmedia":[{"embeddable":true,"href":"https:\/\/fondazioneinternazionale.org\/it\/wp-json\/wp\/v2\/media\/589"}],"wp:attachment":[{"href":"https:\/\/fondazioneinternazionale.org\/it\/wp-json\/wp\/v2\/media?parent=588"}],"wp:term":[{"taxonomy":"category","embeddable":true,"href":"https:\/\/fondazioneinternazionale.org\/it\/wp-json\/wp\/v2\/categories?post=588"},{"taxonomy":"post_tag","embeddable":true,"href":"https:\/\/fondazioneinternazionale.org\/it\/wp-json\/wp\/v2\/tags?post=588"}],"curies":[{"name":"wp","href":"https:\/\/api.w.org\/{rel}","templated":true}]}}